{"id":140805,"date":"2022-02-14T11:15:53","date_gmt":"2022-02-14T16:15:53","guid":{"rendered":"https:\/\/linitiative.ca\/International\/modernisation-de-laccord-dassociation-maroc-ue-une-aubaine-pour-une-forte-integration-des-marches-europeens-et-africains\/"},"modified":"2022-02-14T11:15:53","modified_gmt":"2022-02-14T16:15:53","slug":"modernisation-de-laccord-dassociation-maroc-ue-une-aubaine-pour-une-forte-integration-des-marches-europeens-et-africains","status":"publish","type":"post","link":"https:\/\/linitiative.ca\/International\/modernisation-de-laccord-dassociation-maroc-ue-une-aubaine-pour-une-forte-integration-des-marches-europeens-et-africains\/","title":{"rendered":"Modernisation de l\u2019Accord d\u2019association Maroc-UE : Une aubaine pour une forte int\u00e9gration des march\u00e9s europ\u00e9ens et africains"},"content":{"rendered":"<div>\n<p><img loading=\"lazy\" decoding=\"async\" width=\"300\" height=\"153\" src=\"https:\/\/linitiative.ca\/International\/wp-content\/uploads\/sites\/23\/2022\/02\/UE-Africa-Business-Summit-EABF-300x153-1.jpg\" class=\"attachment-medium size-medium wp-post-image\" alt=\"\" srcset=\"https:\/\/linitiative.ca\/International\/wp-content\/uploads\/sites\/23\/2022\/02\/UE-Africa-Business-Summit-EABF-300x153-1.jpg 300w, https:\/\/aujourdhui.ma\/wp-content\/uploads\/2022\/02\/UE-Africa-Business-Summit-EABF-274x140.jpg 274w, https:\/\/aujourdhui.ma\/wp-content\/uploads\/2022\/02\/UE-Africa-Business-Summit-EABF.jpg 746w, https:\/\/aujourdhui.ma\/wp-content\/uploads\/2022\/02\/UE-Africa-Business-Summit-EABF-165x84.jpg 165w, https:\/\/aujourdhui.ma\/wp-content\/uploads\/2022\/02\/UE-Africa-Business-Summit-EABF-702x358.jpg 702w\" sizes=\"auto, (max-width: 300px) 100vw, 300px\"><\/p>\n<p><span style=\"font-size: 20px; color: #800000;\"><strong>Les entreprises appellent \u00e0 lib\u00e9rer le plein potentiel \u00e9conomique en modernisant l\u2019Accord d\u2019Association Maroc-UE .<\/strong> <\/span><span id=\"more-399824\"><\/span><\/p>\n<p>C\u2019est ce que l\u2019on peut retenir de la rencontre tenue, lundi 14 f\u00e9vrier, entre la Conf\u00e9d\u00e9ration g\u00e9n\u00e9rale des entreprises du Maroc (CGEM) et BusinessEurope sous le th\u00e8me \u00ab la modernisation de l\u2019Accord d\u2019Association Maroc-UE : pour une int\u00e9gration plus forte des march\u00e9s europ\u00e9ens et africains \u00bb. Tenue en marge de la 7\u00e8me \u00e9dition de l\u2019UE-Africa Business Summit (EABF), cet \u00e9v\u00e9nement a connu la participation de Chakib Alj et Pierre Gattaz, respectivement Pr\u00e9sidents de la CGEM et de BusinessEurope, et de repr\u00e9sentants d\u2019entreprises marocaines et europ\u00e9ennes op\u00e9rant sur les deux continents. Lors de son intervention \u00e0 l\u2019ouverture de ce webinaire, M. Chakib ALJ a affirm\u00e9 \u201cla n\u00e9cessit\u00e9 de donner un nouveau souffle \u00e0 l\u2019accord commercial et d\u2019investissement Maroc-UE, adopt\u00e9 en 1996, afin qu\u2019il puisse refl\u00e9ter la nouvelle r\u00e9alit\u00e9\u201d.<\/p>\n<p>Il a \u00e9galement soulign\u00e9 le r\u00f4le jou\u00e9 par le Maroc et ses entreprises dans le renforcement de la relation UE-Afrique. \u201cDe par sa stabilit\u00e9 politique et ses avantages g\u00e9ographique, financier et \u00e9conomique, entre autres, le Royaume est aujourd\u2019hui une destination d\u2019investissement fiable et \u00e0 forte valeur ajout\u00e9e et un hub reconnu pour l\u2019Afrique\u201d a t-il d\u00e9clar\u00e9. Le Pr\u00e9sident de la CGEM a aussi rappel\u00e9 que \u00ab les entreprises et les soci\u00e9t\u00e9s marocaines et europ\u00e9ennes partagent les m\u00eames d\u00e9fis, notamment ceux li\u00e9s \u00e0 l\u2019immigration, au changement climatique et \u00e0 l\u2019instabilit\u00e9 des cha\u00eenes d\u2019approvisionnement. Elles partagent \u00e9galement la m\u00eame vision des solutions et des opportunit\u00e9s \u00e0 saisir \u00e0 savoir plus de commerce, plus d\u2019emplois, pour les jeunes et les femmes en particulier et plus d\u2019attention aux PME, \u00e9pine dorsale de nos \u00e9conomies respectives \u00bb. Et pour conclure, \u00ab la modernisation de l\u2019Accord d\u2019Association Maroc-UE offre un \u00e9norme potentiel et peut \u00eatre un mod\u00e8le pour une relation UE-Afrique plus forte. Le temps est \u00e0 l\u2019action! \u00bb.<\/p>\n<p><img loading=\"lazy\" decoding=\"async\" class=\"aligncenter size-full wp-image-399825\" src=\"https:\/\/linitiative.ca\/International\/wp-content\/uploads\/sites\/23\/2022\/02\/Chakib-ALJ-Cgem.jpg\" alt=\"\" width=\"746\" height=\"380\" srcset=\"https:\/\/linitiative.ca\/International\/wp-content\/uploads\/sites\/23\/2022\/02\/Chakib-ALJ-Cgem.jpg 746w, https:\/\/aujourdhui.ma\/wp-content\/uploads\/2022\/02\/Chakib-ALJ-Cgem-300x153.jpg 300w, https:\/\/aujourdhui.ma\/wp-content\/uploads\/2022\/02\/Chakib-ALJ-Cgem-274x140.jpg 274w, https:\/\/aujourdhui.ma\/wp-content\/uploads\/2022\/02\/Chakib-ALJ-Cgem-165x84.jpg 165w, https:\/\/aujourdhui.ma\/wp-content\/uploads\/2022\/02\/Chakib-ALJ-Cgem-702x358.jpg 702w\" sizes=\"auto, (max-width: 746px) 100vw, 746px\"><\/p>\n<p>Pour sa part, M. Pierre Gattaz a soulign\u00e9 que \u00able monde a chang\u00e9 depuis l\u2019entr\u00e9e en vigueur de l\u2019Accord d\u2019Association UE-Maroc et il faut l\u2019adapter aux r\u00e9alit\u00e9s commerciales du 21\u00e8me si\u00e8cle et aux besoins des entreprises dans des domaines importants comme l\u2019\u00e9conomie digitale. Pour favoriser l\u2019int\u00e9gration de nos cha\u00eenes de valeur, nous devons combler les barri\u00e8res non-tarifaires et faciliter les investissements \u00e9trangers et le commerce de services notamment. Cela sera encore plus important dans un contexte o\u00f9 beaucoup d\u2019entreprises europ\u00e9ennes cherchent \u00e0 diversifier leurs sources d\u2019approvisionnement \u00bb. Lors de leurs interventions, les pan\u00e9listes ont pr\u00e9sent\u00e9 les avantages qu\u2019offrerait la modernisation de l\u2019Accord d\u2019Association Maroc-UE pour les entreprises des deux continents, notamment en termes d\u2019int\u00e9gration des cha\u00eenes de valeur, particuli\u00e8rement \u00e0 la lumi\u00e8re de l\u2019entr\u00e9e en vigueur de la Zone de Libre-\u00c9change Continentale Africaine (Zlecaf).<\/p>\n<p>Cette derni\u00e8re donnera acc\u00e8s \u00e0 un march\u00e9 de 1,2 milliard de consommateurs et permettra de stimuler l\u2019investissement et de cr\u00e9er de la valeur ajout\u00e9e et de l\u2019emploi vers une croissance socio-\u00e9conomique durable du continent africain. Pour rappel, la CGEM et BusinessEurope avaient adopt\u00e9, le 21 septembre 2021, une d\u00e9claration conjointe, qui pr\u00f4ne une modernisation du cadre des relations commerciales et d\u2019investissement Maroc-UE, attendue depuis longtemps par les deux communaut\u00e9s des affaires. Cette modernisation devra lib\u00e9rer le potentiel \u00e9conomique inexploit\u00e9 du partenariat pr\u00e9cit\u00e9 afin de soutenir une reprise \u00e9conomique post-pand\u00e9mique effective et durable et de saisir les opportunit\u00e9s li\u00e9es, notamment aux cha\u00eenes d\u2019approvisionnement, \u00e0 la durabilit\u00e9 ou encore au num\u00e9rique.<\/p>\n<p><img loading=\"lazy\" decoding=\"async\" class=\"aligncenter size-full wp-image-399826\" src=\"https:\/\/linitiative.ca\/International\/wp-content\/uploads\/sites\/23\/2022\/02\/Pierre-Gattaz.jpg\" alt=\"\" width=\"746\" height=\"380\" srcset=\"https:\/\/linitiative.ca\/International\/wp-content\/uploads\/sites\/23\/2022\/02\/Pierre-Gattaz.jpg 746w, https:\/\/aujourdhui.ma\/wp-content\/uploads\/2022\/02\/Pierre-Gattaz-300x153.jpg 300w, https:\/\/aujourdhui.ma\/wp-content\/uploads\/2022\/02\/Pierre-Gattaz-274x140.jpg 274w, https:\/\/aujourdhui.ma\/wp-content\/uploads\/2022\/02\/Pierre-Gattaz-165x84.jpg 165w, https:\/\/aujourdhui.ma\/wp-content\/uploads\/2022\/02\/Pierre-Gattaz-702x358.jpg 702w\" sizes=\"auto, (max-width: 746px) 100vw, 746px\"><\/p>\n<\/div>\n<p>Auteur: ALM<br \/>\n<a href=\"https:\/\/aujourdhui.ma\/economie\/modernisation-de-laccord-dassociation-maroc-ue-une-aubaine-pour-une-forte-integration-des-marches-europeens-et-africains\">Cliquez ici pour lire l&rsquo;article depuis sa source.<\/a><\/p>\n","protected":false},"excerpt":{"rendered":"<p>Les entreprises appellent \u00e0 lib\u00e9rer le plein potentiel \u00e9conomique en modernisant l\u2019Accord d\u2019Association Maroc-UE . C\u2019est ce que l\u2019on peut retenir de la rencontre tenue, lundi 14 f\u00e9vrier, entre la Conf\u00e9d\u00e9ration g\u00e9n\u00e9rale des entreprises du Maroc (CGEM) et BusinessEurope sous le th\u00e8me \u00ab la modernisation de l\u2019Accord d\u2019Association Maroc-UE : pour une int\u00e9gration plus forte [&hellip;]<\/p>\n","protected":false},"author":1759,"featured_media":0,"comment_status":"closed","ping_status":"closed","sticky":false,"template":"","format":"standard","meta":{"fifu_image_url":"https:\/\/aujourdhui.ma\/wp-content\/uploads\/2022\/02\/UE-Africa-Business-Summit-EABF-300x153.jpg","fifu_image_alt":"Modernisation de l\u2019Accord d\u2019association Maroc-UE : Une aubaine pour une forte int\u00e9gration des march\u00e9s europ\u00e9ens et africains","footnotes":""},"categories":[73,54],"tags":[],"class_list":["post-140805","post","type-post","status-publish","format-standard","hentry","category-actualite","category-maroc"],"_links":{"self":[{"href":"https:\/\/linitiative.ca\/International\/wp-json\/wp\/v2\/posts\/140805","targetHints":{"allow":["GET"]}}],"collection":[{"href":"https:\/\/linitiative.ca\/International\/wp-json\/wp\/v2\/posts"}],"about":[{"href":"https:\/\/linitiative.ca\/International\/wp-json\/wp\/v2\/types\/post"}],"author":[{"embeddable":true,"href":"https:\/\/linitiative.ca\/International\/wp-json\/wp\/v2\/users\/1759"}],"replies":[{"embeddable":true,"href":"https:\/\/linitiative.ca\/International\/wp-json\/wp\/v2\/comments?post=140805"}],"version-history":[{"count":0,"href":"https:\/\/linitiative.ca\/International\/wp-json\/wp\/v2\/posts\/140805\/revisions"}],"wp:attachment":[{"href":"https:\/\/linitiative.ca\/International\/wp-json\/wp\/v2\/media?parent=140805"}],"wp:term":[{"taxonomy":"category","embeddable":true,"href":"https:\/\/linitiative.ca\/International\/wp-json\/wp\/v2\/categories?post=140805"},{"taxonomy":"post_tag","embeddable":true,"href":"https:\/\/linitiative.ca\/International\/wp-json\/wp\/v2\/tags?post=140805"}],"curies":[{"name":"wp","href":"https:\/\/api.w.org\/{rel}","templated":true}]}}