{"id":140810,"date":"2022-02-14T09:25:39","date_gmt":"2022-02-14T14:25:39","guid":{"rendered":"https:\/\/linitiative.ca\/International\/previsions-meteorologiques-pour-le-mardi-15-fevrier-2022\/"},"modified":"2022-02-14T09:25:39","modified_gmt":"2022-02-14T14:25:39","slug":"previsions-meteorologiques-pour-le-mardi-15-fevrier-2022","status":"publish","type":"post","link":"https:\/\/linitiative.ca\/International\/previsions-meteorologiques-pour-le-mardi-15-fevrier-2022\/","title":{"rendered":"Pr\u00e9visions m\u00e9t\u00e9orologiques pour le mardi 15 f\u00e9vrier 2022"},"content":{"rendered":"<div>\n<div style=\"margin-bottom:20px;\"><img loading=\"lazy\" decoding=\"async\" width=\"750\" height=\"430\" src=\"https:\/\/linitiative.ca\/International\/wp-content\/uploads\/sites\/23\/2022\/02\/soleil.jpg\" class=\"attachment-post-thumbnail size-post-thumbnail wp-post-image\" alt=\"\" srcset=\"https:\/\/linitiative.ca\/International\/wp-content\/uploads\/sites\/23\/2022\/02\/soleil.jpg 750w, https:\/\/www.mapmarrakech.ma\/map\/uploads\/2021\/10\/soleil-300x172.jpg 300w\" sizes=\"auto, (max-width: 750px) 100vw, 750px\"><\/div>\n<p align=\"justify\">\u2013 Temps assez froid et gel\u00e9e locale, la matin\u00e9e et la nuit, sur l\u2019int\u00e9rieur du pays, notamment sur les montagnes, le Sud-Est, l\u2019Oriental, Oulm\u00e8s et le plateau des phosphates.<\/p>\n<p>\u2013 Brume ou brouillard par endroits sur les plateaux des phosphates et d\u2019Oulm\u00e8s, l\u2019Oriental et les plaines nord et centre.<\/p>\n<p>\u2013 Pluies \u00e9parses sur les Haut et Anti-Atlas et leurs versants est.<\/p>\n<p>\u2013 Ramasse-poussi\u00e8res sur le sud du pays.<\/p>\n<p>\u2013 Vent de nord, assez fort sur les cotes centre et sud et parfois mod\u00e9r\u00e9 sur les plaines entre Casablanca et Essaouira.<\/p>\n<p>\u2013 Temp\u00e9ratures minimales de l\u2019ordre de -04\/00\u00b0C sur l\u2019Atlas, 00\/07\u00b0C sur le Rif et l\u2019Oriental, 04\/11\u00b0C sur le Nord, le Centre et les versants sud-est, 09\/15\u00b0C sur le nord-est des provinces du Sud et de 16\/20\u00b0C sur le reste du sud.<\/p>\n<p>\u2013 Temp\u00e9ratures maximales de l\u2019ordre de 07\/13\u00b0C sur l\u2019Atlas, 11\/18\u00b0C sur l\u2019Oriental, le Rif, le Saiss, la rive m\u00e9diterran\u00e9enne et Oulm\u00e8s, 18\/24\u00b0C sur le nord, le centre, le sud-est et le nord-ouest des provinces du Sud et de 24\/31\u00b0C sur le reste du Sud.<\/p>\n<p>\u2013 Mer belle \u00e0 peu agit\u00e9e sur la M\u00e9diterran\u00e9e et le D\u00e9troit, agit\u00e9e \u00e0 forte entre Mehdia et Tarfaya ainsi que peu agit\u00e9e \u00e0 agit\u00e9e ailleurs.<\/p>\n<p>The post <a rel=\"nofollow\" href=\"https:\/\/www.mapmarrakech.ma\/fr\/previsions-meteorologiques-pour-le-mardi-15-fevrier-2022\/\">Pr\u00e9visions m\u00e9t\u00e9orologiques pour le mardi 15 f\u00e9vrier 2022<\/a> appeared first on <a rel=\"nofollow\" href=\"https:\/\/www.mapmarrakech.ma\/fr\">MapMarrakech<\/a>.<\/p>\n<\/div>\n<p>Auteur: Meriem IGASS<br \/>\n<a href=\"https:\/\/www.mapmarrakech.ma\/fr\/previsions-meteorologiques-pour-le-mardi-15-fevrier-2022\/\">Cliquez ici pour lire l&rsquo;article depuis sa source.<\/a><\/p>\n","protected":false},"excerpt":{"rendered":"<p>\u2013 Temps assez froid et gel\u00e9e locale, la matin\u00e9e et la nuit, sur l\u2019int\u00e9rieur du pays, notamment sur les montagnes, le Sud-Est, l\u2019Oriental, Oulm\u00e8s et le plateau des phosphates. \u2013 Brume ou brouillard par endroits sur les plateaux des phosphates et d\u2019Oulm\u00e8s, l\u2019Oriental et les plaines nord et centre. \u2013 Pluies \u00e9parses sur les Haut [&hellip;]<\/p>\n","protected":false},"author":1788,"featured_media":0,"comment_status":"closed","ping_status":"closed","sticky":false,"template":"","format":"standard","meta":{"fifu_image_url":"https:\/\/www.mapmarrakech.ma\/map\/uploads\/2021\/10\/soleil.jpg","fifu_image_alt":"Pr\u00e9visions m\u00e9t\u00e9orologiques pour le mardi 15 f\u00e9vrier 2022","footnotes":""},"categories":[54,76],"tags":[],"class_list":["post-140810","post","type-post","status-publish","format-standard","hentry","category-maroc","category-regions"],"_links":{"self":[{"href":"https:\/\/linitiative.ca\/International\/wp-json\/wp\/v2\/posts\/140810","targetHints":{"allow":["GET"]}}],"collection":[{"href":"https:\/\/linitiative.ca\/International\/wp-json\/wp\/v2\/posts"}],"about":[{"href":"https:\/\/linitiative.ca\/International\/wp-json\/wp\/v2\/types\/post"}],"author":[{"embeddable":true,"href":"https:\/\/linitiative.ca\/International\/wp-json\/wp\/v2\/users\/1788"}],"replies":[{"embeddable":true,"href":"https:\/\/linitiative.ca\/International\/wp-json\/wp\/v2\/comments?post=140810"}],"version-history":[{"count":0,"href":"https:\/\/linitiative.ca\/International\/wp-json\/wp\/v2\/posts\/140810\/revisions"}],"wp:attachment":[{"href":"https:\/\/linitiative.ca\/International\/wp-json\/wp\/v2\/media?parent=140810"}],"wp:term":[{"taxonomy":"category","embeddable":true,"href":"https:\/\/linitiative.ca\/International\/wp-json\/wp\/v2\/categories?post=140810"},{"taxonomy":"post_tag","embeddable":true,"href":"https:\/\/linitiative.ca\/International\/wp-json\/wp\/v2\/tags?post=140810"}],"curies":[{"name":"wp","href":"https:\/\/api.w.org\/{rel}","templated":true}]}}