{"id":140812,"date":"2022-02-14T11:35:42","date_gmt":"2022-02-14T16:35:42","guid":{"rendered":"https:\/\/linitiative.ca\/International\/plus-de-800-participants-a-leco-trail-du-lac-lalla-takerkoust\/"},"modified":"2022-02-14T11:35:42","modified_gmt":"2022-02-14T16:35:42","slug":"plus-de-800-participants-a-leco-trail-du-lac-lalla-takerkoust","status":"publish","type":"post","link":"https:\/\/linitiative.ca\/International\/plus-de-800-participants-a-leco-trail-du-lac-lalla-takerkoust\/","title":{"rendered":"Plus de 800 participants \u00e0 l\u2019\u00c9co-Trail du lac Lalla Takerkoust"},"content":{"rendered":"<div>\n<div style=\"margin-bottom:20px;\"><img loading=\"lazy\" decoding=\"async\" width=\"750\" height=\"430\" src=\"https:\/\/linitiative.ca\/International\/wp-content\/uploads\/sites\/23\/2022\/02\/Marathon-1-1.jpg\" class=\"attachment-post-thumbnail size-post-thumbnail wp-post-image\" alt=\"\" srcset=\"https:\/\/linitiative.ca\/International\/wp-content\/uploads\/sites\/23\/2022\/02\/Marathon-1-1.jpg 750w, https:\/\/www.mapmarrakech.ma\/map\/uploads\/2022\/02\/Marathon-1-1-300x172.jpg 300w\" sizes=\"auto, (max-width: 750px) 100vw, 750px\"><\/div>\n<p>Selon les organisateurs, le programme comprenait quatre parcours trail de 9km, 19km, 29km et 42km, un kids trail et deux distances bike de 35km et 65km.<\/p>\n<p>Cette quatri\u00e8me \u00e9dition a, \u00e9galement, connu une action de collecte de d\u00e9chets de plus de 5 tonnes, permettant de promouvoir une activit\u00e9 en pleine nature, respectueuse de son environnement, sa biodiversit\u00e9 et son \u00e9cosyst\u00e8me.<\/p>\n<p>Cette manifestation a \u00e9t\u00e9 aussi marqu\u00e9e par une action sociale permettant la participation de 250 enfants, dont 200 des douars de la r\u00e9gion, \u00e0 une course de 3km pour les initier et les sensibiliser sur la protection de l\u2019environnement.<\/p>\n<p>The post <a rel=\"nofollow\" href=\"https:\/\/www.mapmarrakech.ma\/fr\/plus-de-800-participants-a-leco-trail-du-lac-lalla-takerkoust\/\">Plus de 800 participants \u00e0 l\u2019\u00c9co-Trail du lac Lalla Takerkoust<\/a> appeared first on <a rel=\"nofollow\" href=\"https:\/\/www.mapmarrakech.ma\/fr\">MapMarrakech<\/a>.<\/p>\n<\/div>\n<p>Auteur: Meriem IGASS<br \/>\n<a href=\"https:\/\/www.mapmarrakech.ma\/fr\/plus-de-800-participants-a-leco-trail-du-lac-lalla-takerkoust\/\">Cliquez ici pour lire l&rsquo;article depuis sa source.<\/a><\/p>\n","protected":false},"excerpt":{"rendered":"<p>Selon les organisateurs, le programme comprenait quatre parcours trail de 9km, 19km, 29km et 42km, un kids trail et deux distances bike de 35km et 65km. Cette quatri\u00e8me \u00e9dition a, \u00e9galement, connu une action de collecte de d\u00e9chets de plus de 5 tonnes, permettant de promouvoir une activit\u00e9 en pleine nature, respectueuse de son environnement, [&hellip;]<\/p>\n","protected":false},"author":1788,"featured_media":0,"comment_status":"closed","ping_status":"closed","sticky":false,"template":"","format":"standard","meta":{"fifu_image_url":"https:\/\/www.mapmarrakech.ma\/map\/uploads\/2022\/02\/Marathon-1-1.jpg","fifu_image_alt":"Plus de 800 participants \u00e0 l\u2019\u00c9co-Trail du lac Lalla Takerkoust","footnotes":""},"categories":[54,76],"tags":[],"class_list":["post-140812","post","type-post","status-publish","format-standard","hentry","category-maroc","category-regions"],"_links":{"self":[{"href":"https:\/\/linitiative.ca\/International\/wp-json\/wp\/v2\/posts\/140812","targetHints":{"allow":["GET"]}}],"collection":[{"href":"https:\/\/linitiative.ca\/International\/wp-json\/wp\/v2\/posts"}],"about":[{"href":"https:\/\/linitiative.ca\/International\/wp-json\/wp\/v2\/types\/post"}],"author":[{"embeddable":true,"href":"https:\/\/linitiative.ca\/International\/wp-json\/wp\/v2\/users\/1788"}],"replies":[{"embeddable":true,"href":"https:\/\/linitiative.ca\/International\/wp-json\/wp\/v2\/comments?post=140812"}],"version-history":[{"count":0,"href":"https:\/\/linitiative.ca\/International\/wp-json\/wp\/v2\/posts\/140812\/revisions"}],"wp:attachment":[{"href":"https:\/\/linitiative.ca\/International\/wp-json\/wp\/v2\/media?parent=140812"}],"wp:term":[{"taxonomy":"category","embeddable":true,"href":"https:\/\/linitiative.ca\/International\/wp-json\/wp\/v2\/categories?post=140812"},{"taxonomy":"post_tag","embeddable":true,"href":"https:\/\/linitiative.ca\/International\/wp-json\/wp\/v2\/tags?post=140812"}],"curies":[{"name":"wp","href":"https:\/\/api.w.org\/{rel}","templated":true}]}}