{"id":140816,"date":"2022-02-14T09:32:30","date_gmt":"2022-02-14T14:32:30","guid":{"rendered":"https:\/\/linitiative.ca\/International\/bensaid-visite-des-sites-culturels-dans-les-provinces-de-jerada-et-de-taourirt\/"},"modified":"2022-02-14T09:32:30","modified_gmt":"2022-02-14T14:32:30","slug":"bensaid-visite-des-sites-culturels-dans-les-provinces-de-jerada-et-de-taourirt","status":"publish","type":"post","link":"https:\/\/linitiative.ca\/International\/bensaid-visite-des-sites-culturels-dans-les-provinces-de-jerada-et-de-taourirt\/","title":{"rendered":"Bensaid visite des sites culturels dans les provinces de Jerada et de Taourirt"},"content":{"rendered":"<div>\n<div style=\"margin-bottom:20px;\"><img loading=\"lazy\" decoding=\"async\" width=\"750\" height=\"430\" src=\"https:\/\/linitiative.ca\/International\/wp-content\/uploads\/sites\/23\/2022\/02\/communication-culture-jeunes-Mohamed-Mehdi-Bensaid.jpg\" class=\"attachment-post-thumbnail size-post-thumbnail wp-post-image\" alt=\"\" srcset=\"https:\/\/linitiative.ca\/International\/wp-content\/uploads\/sites\/23\/2022\/02\/communication-culture-jeunes-Mohamed-Mehdi-Bensaid.jpg 750w, https:\/\/www.mapoujda.ma\/map\/uploads\/2022\/02\/communication-culture-jeunes-Mohamed-Mehdi-Bensaid-300x172.jpg 300w\" sizes=\"auto, (max-width: 750px) 100vw, 750px\"><\/div>\n<div>\n<p style=\"text-align: justify;\">Le ministre de la Jeunesse, de la culture et de la communication, Mohamed Mehdi Bensaid, a visit\u00e9, dimanche, des sites culturels et des espaces mus\u00e9aux dans les provinces de Jerada et de Taourirt.<\/p>\n<p style=\"text-align: justify;\">M. Bensaid, qui effectue une visite de terrain dans plusieurs provinces de la r\u00e9gion de l\u2019Oriental, s\u2019est rendu dans la ville de Jerada, o\u00f9 il s\u2019est enquis de l\u2019\u00e9tat d\u2019avancement du projet du mus\u00e9e minier de Jerada, comprenant plusieurs espaces mus\u00e9aux mettant en avant le patrimoine immat\u00e9riel industriel du Royaume.<\/p>\n<p style=\"text-align: justify;\">Ce chantier important comporte, entre autres, un centre d\u2019information sur le patrimoine, un centre culturel d\u00e9di\u00e9 au domaine des mines et des espaces de loisirs pour les visiteurs de ce futur mus\u00e9e.<\/p>\n<p style=\"text-align: justify;\">Le ministre, qui \u00e9tait accompagn\u00e9 notamment du wali de la r\u00e9gion de l\u2019Oriental, gouverneur de la pr\u00e9fecture d\u2019Oujda-Angad, Mouad El Jamai et du pr\u00e9sident du Conseil de la r\u00e9gion de l\u2019Oriental, Abdenbi Bioui, a visit\u00e9 \u00e9galement le centre culturel de Jerada, qui fera l\u2019objet de travaux de r\u00e9novation pour am\u00e9liorer les services rendus aux habitants de la ville dans les domaines culturel et artistique.<\/p>\n<p style=\"text-align: justify;\">Dans la province de Taourirt, le ministre s\u2019est rendu dans la ville de Debdou o\u00f9 il a visit\u00e9 le quartier \u00abEl Mellah\u00bb, t\u00e9moin de la tradition de cohabitation entre les Marocains juifs et musulmans.<\/p>\n<p style=\"text-align: justify;\">La d\u00e9l\u00e9gation officielle a \u00e9galement pris connaissance de l\u2019\u00e9tat d\u2019avancement des travaux de mise \u00e0 niveau du tissu ancien de Debdou, dot\u00e9s d\u2019une enveloppe de 37 millions de dirhams (MDH) avec pour buts de cr\u00e9er un circuit touristique, r\u00e9nover les b\u00e2tisses mena\u00e7ant ruine et restaurer le tissu ancien de la ville.<\/p>\n<p style=\"text-align: justify;\">Par la suite, le ministre et la d\u00e9l\u00e9gation l\u2019accompagnant ont visit\u00e9 le centre culturel de la ville de Taourirt, dont les travaux, \u00e0 l\u2019arr\u00eat depuis 2012, devraient reprendre pour que cette infrastructure culturelle soit pr\u00eate dans trois mois.<\/p>\n<p style=\"text-align: justify;\">La visite de terrain de M. Bensaid dans la r\u00e9gion de l\u2019Oriental, commenc\u00e9e vendredi \u00e0 Oujda et qui a port\u00e9 aussi sur la province de Figuig, doit prendre fin lundi dans la province de Berkane, en particulier la r\u00e9gion de Tafoughalt.<\/p>\n<\/div>\n<p>L\u2019article <a rel=\"nofollow\" href=\"https:\/\/www.mapoujda.ma\/fr\/m-bensaid-visite-des-sites-culturels-dans-les-provinces-de-jerada-et-de-taourirt\/\">Bensaid visite des sites culturels dans les provinces de Jerada et de Taourirt<\/a> est apparu en premier sur <a rel=\"nofollow\" href=\"https:\/\/www.mapoujda.ma\/fr\">MapOujda<\/a>.<\/p>\n<\/div>\n<p>Auteur: Soufiane ELAHMAR<br \/>\n<a href=\"https:\/\/www.mapoujda.ma\/fr\/m-bensaid-visite-des-sites-culturels-dans-les-provinces-de-jerada-et-de-taourirt\/\">Cliquez ici pour lire l&rsquo;article depuis sa source.<\/a><\/p>\n","protected":false},"excerpt":{"rendered":"<p>Le ministre de la Jeunesse, de la culture et de la communication, Mohamed Mehdi Bensaid, a visit\u00e9, dimanche, des sites culturels et des espaces mus\u00e9aux dans les provinces de Jerada et de Taourirt. M. Bensaid, qui effectue une visite de terrain dans plusieurs provinces de la r\u00e9gion de l\u2019Oriental, s\u2019est rendu dans la ville de [&hellip;]<\/p>\n","protected":false},"author":1788,"featured_media":0,"comment_status":"closed","ping_status":"closed","sticky":false,"template":"","format":"standard","meta":{"fifu_image_url":"https:\/\/www.mapoujda.ma\/map\/uploads\/2022\/02\/communication-culture-jeunes-Mohamed-Mehdi-Bensaid.jpg","fifu_image_alt":"Bensaid visite des sites culturels dans les provinces de Jerada et de Taourirt","footnotes":""},"categories":[54,76],"tags":[],"class_list":["post-140816","post","type-post","status-publish","format-standard","hentry","category-maroc","category-regions"],"_links":{"self":[{"href":"https:\/\/linitiative.ca\/International\/wp-json\/wp\/v2\/posts\/140816","targetHints":{"allow":["GET"]}}],"collection":[{"href":"https:\/\/linitiative.ca\/International\/wp-json\/wp\/v2\/posts"}],"about":[{"href":"https:\/\/linitiative.ca\/International\/wp-json\/wp\/v2\/types\/post"}],"author":[{"embeddable":true,"href":"https:\/\/linitiative.ca\/International\/wp-json\/wp\/v2\/users\/1788"}],"replies":[{"embeddable":true,"href":"https:\/\/linitiative.ca\/International\/wp-json\/wp\/v2\/comments?post=140816"}],"version-history":[{"count":0,"href":"https:\/\/linitiative.ca\/International\/wp-json\/wp\/v2\/posts\/140816\/revisions"}],"wp:attachment":[{"href":"https:\/\/linitiative.ca\/International\/wp-json\/wp\/v2\/media?parent=140816"}],"wp:term":[{"taxonomy":"category","embeddable":true,"href":"https:\/\/linitiative.ca\/International\/wp-json\/wp\/v2\/categories?post=140816"},{"taxonomy":"post_tag","embeddable":true,"href":"https:\/\/linitiative.ca\/International\/wp-json\/wp\/v2\/tags?post=140816"}],"curies":[{"name":"wp","href":"https:\/\/api.w.org\/{rel}","templated":true}]}}