{"id":140818,"date":"2022-02-14T10:07:10","date_gmt":"2022-02-14T15:07:10","guid":{"rendered":"https:\/\/linitiative.ca\/International\/retard-des-pluies-au-maroc-les-explications-dun-climatologue\/"},"modified":"2022-02-14T10:07:10","modified_gmt":"2022-02-14T15:07:10","slug":"retard-des-pluies-au-maroc-les-explications-dun-climatologue","status":"publish","type":"post","link":"https:\/\/linitiative.ca\/International\/retard-des-pluies-au-maroc-les-explications-dun-climatologue\/","title":{"rendered":"Retard des pluies au Maroc: les explications d\u2019un climatologue"},"content":{"rendered":"<div>\n<div style=\"margin-bottom:20px;\"><img loading=\"lazy\" decoding=\"async\" width=\"750\" height=\"430\" src=\"https:\/\/linitiative.ca\/International\/wp-content\/uploads\/sites\/23\/2022\/02\/montagne-imilchil-750C397430-MAP.jpg\" class=\"attachment-post-thumbnail size-post-thumbnail wp-post-image\" alt=\"\" srcset=\"https:\/\/linitiative.ca\/International\/wp-content\/uploads\/sites\/23\/2022\/02\/montagne-imilchil-750C397430-MAP.jpg 750w, https:\/\/www.mapoujda.ma\/map\/uploads\/2022\/02\/montagne-imilchil-750\u00d7430-MAP-300x172.jpg 300w\" sizes=\"auto, (max-width: 750px) 100vw, 750px\"><\/div>\n<p style=\"text-align: justify;\">Le Maroc a enregistr\u00e9 un retard de pluies pendant la saison hivernale, une situation imput\u00e9e \u00e0 \u00ab\u00a0l\u2019installation d\u2019une cr\u00eate plan\u00e9taire au-dessus de l\u2019Afrique du Nord et de l\u2019Europe du Sud-Ouest\u00a0\u00bb, emp\u00eachant la condensation de se r\u00e9aliser, a indiqu\u00e9 Mohamed-Sa\u00efd Karrouk, professeur de climatologie \u00e0 l\u2019Universit\u00e9 Hassan II de Casablanca.<\/p>\n<p style=\"text-align: justify;\">La situation m\u00e9t\u00e9orologique actuelle est un \u00ab\u00a0peu diff\u00e9rente\u00a0\u00bb de ce que le Maroc a v\u00e9cu au cours de la p\u00e9riode 2006-2018, durant laquelle une \u00ab\u00a0circulation atmosph\u00e9rique m\u00e9ridienne\u00a0\u00bb s\u2019\u00e9tait install\u00e9e au niveau de \u00ab\u00a0l\u2019h\u00e9misph\u00e8re nord\u00a0\u00bb, ce qui a permis \u00e0 l\u2019Afrique du Nord de b\u00e9n\u00e9ficier d\u2019une bonne partie des pr\u00e9cipitations, a expliqu\u00e9 M. Karrouk dans un entretien accord\u00e9 \u00e0 la MAP.<\/p>\n<p style=\"text-align: justify;\">Ces pr\u00e9cipitations n\u2019ont pas dur\u00e9 en raison notamment de \u00ab\u00a0l\u2019installation d\u2019une cr\u00eate\u00a0\u00bb (anticyclone, stabilit\u00e9, s\u00e9cheresse) au-dessus de l\u2019Afrique du Nord et de l\u2019Europe du Sud-Ouest, ce qui a emp\u00each\u00e9 la condensation en raison des flux descendants\u00a0\u00bb, a-t-il clarifi\u00e9.<\/p>\n<p style=\"text-align: justify;\">La r\u00e9gion o\u00f9 se trouve le Royaume est caract\u00e9ris\u00e9e par une \u00ab\u00a0s\u00e9cheresse structurelle\u00a0\u00bb, dont la nature atmosph\u00e9rique est influenc\u00e9e par la pr\u00e9sence des anticyclones, d\u2019o\u00f9 les p\u00e9riodes de s\u00e9cheresse r\u00e9currentes, a-t-il pr\u00e9cis\u00e9.<\/p>\n<p style=\"text-align: justify;\">\u00ab\u00a0La s\u00e9cheresse est l\u00e0 depuis longtemps, c\u2019est \u00e0 nous de nous adapter et de g\u00e9rer le besoin selon la situation naturelle existante\u00a0\u00bb, a fait remarquer le climatologue.<\/p>\n<p style=\"text-align: justify;\">\u00ab\u00a0Notre pays a d\u00e9velopp\u00e9 au fil des ann\u00e9es un ensemble de techniques de stockage de l\u2019eau et a beaucoup \u00e9volu\u00e9 sur le plan de la d\u00e9mocratisation de l\u2019acc\u00e8s \u00e0 l\u2019eau\u00a0\u00bb, s\u2019est-il r\u00e9joui.<\/p>\n<p style=\"text-align: justify;\">Le Maroc a construit de grands barrages dont la capacit\u00e9 totale est de 16,1 milliards de m\u00e8tres cubes, et partant, le probl\u00e8me qui se pose \u00e0 l\u2019heure actuelle n\u2019est pas li\u00e9 au stockage de l\u2019eau mais plut\u00f4t \u00e0 sa gestion et \u00e0 la mani\u00e8re de son utilisation, a-t-il ajout\u00e9.<\/p>\n<p style=\"text-align: justify;\">Dans ce contexte, le professeur universitaire a appel\u00e9 les Marocains \u00e0 \u00eatre tr\u00e8s vigilants, plaidant pour une strat\u00e9gie sur l\u2019utilisation de l\u2019eau qui aura pour objectif de minimiser les pertes pendant les p\u00e9riodes de s\u00e9cheresse.<\/p>\n<p style=\"text-align: justify;\">L\u2019utilisation actuelle de cette ressource vitale d\u00e9passe largement ce que le Royaume utilisait dans les ann\u00e9es 60 en raison de la d\u00e9mocratisation de cette ressource, qu\u2019il convient d\u2019utiliser avec beaucoup de vigilance, a-t-il insist\u00e9.<\/p>\n<p style=\"text-align: justify;\">Selon la Direction g\u00e9n\u00e9rale de la m\u00e9t\u00e9orologie, le cumul moyen des pr\u00e9cipitations enregistr\u00e9es au niveau national du premier septembre 2021 au 31 janvier 2022 est de 38,8 millim\u00e8tres, contre une normale climatologique de 106,8 mm calcul\u00e9e sur la m\u00eame p\u00e9riode entre 1981 et 2010, soit un d\u00e9ficit de 64%.<\/p>\n<p style=\"text-align: justify;\">Le d\u00e9ficit par rapport \u00e0 la saison pr\u00e9c\u00e9dente 2020-2021 est de 53%, d\u2019apr\u00e8s la m\u00eame source.<\/p>\n<p>L\u2019article <a rel=\"nofollow\" href=\"https:\/\/www.mapoujda.ma\/fr\/retard-des-pluies-au-maroc-les-explications-dun-climatologue\/\">Retard des pluies au Maroc: les explications d\u2019un climatologue<\/a> est apparu en premier sur <a rel=\"nofollow\" href=\"https:\/\/www.mapoujda.ma\/fr\">MapOujda<\/a>.<\/p>\n<\/div>\n<p>Auteur: Soufiane ELAHMAR<br \/>\n<a href=\"https:\/\/www.mapoujda.ma\/fr\/retard-des-pluies-au-maroc-les-explications-dun-climatologue\/\">Cliquez ici pour lire l&rsquo;article depuis sa source.<\/a><\/p>\n","protected":false},"excerpt":{"rendered":"<p>Le Maroc a enregistr\u00e9 un retard de pluies pendant la saison hivernale, une situation imput\u00e9e \u00e0 \u00ab\u00a0l\u2019installation d\u2019une cr\u00eate plan\u00e9taire au-dessus de l\u2019Afrique du Nord et de l\u2019Europe du Sud-Ouest\u00a0\u00bb, emp\u00eachant la condensation de se r\u00e9aliser, a indiqu\u00e9 Mohamed-Sa\u00efd Karrouk, professeur de climatologie \u00e0 l\u2019Universit\u00e9 Hassan II de Casablanca. La situation m\u00e9t\u00e9orologique actuelle est un [&hellip;]<\/p>\n","protected":false},"author":1788,"featured_media":0,"comment_status":"closed","ping_status":"closed","sticky":false,"template":"","format":"standard","meta":{"fifu_image_url":"https:\/\/www.mapoujda.ma\/map\/uploads\/2022\/02\/montagne-imilchil-750\u00d7430-MAP.jpg","fifu_image_alt":"Retard des pluies au Maroc: les explications d\u2019un climatologue","footnotes":""},"categories":[54,76],"tags":[],"class_list":["post-140818","post","type-post","status-publish","format-standard","hentry","category-maroc","category-regions"],"_links":{"self":[{"href":"https:\/\/linitiative.ca\/International\/wp-json\/wp\/v2\/posts\/140818","targetHints":{"allow":["GET"]}}],"collection":[{"href":"https:\/\/linitiative.ca\/International\/wp-json\/wp\/v2\/posts"}],"about":[{"href":"https:\/\/linitiative.ca\/International\/wp-json\/wp\/v2\/types\/post"}],"author":[{"embeddable":true,"href":"https:\/\/linitiative.ca\/International\/wp-json\/wp\/v2\/users\/1788"}],"replies":[{"embeddable":true,"href":"https:\/\/linitiative.ca\/International\/wp-json\/wp\/v2\/comments?post=140818"}],"version-history":[{"count":0,"href":"https:\/\/linitiative.ca\/International\/wp-json\/wp\/v2\/posts\/140818\/revisions"}],"wp:attachment":[{"href":"https:\/\/linitiative.ca\/International\/wp-json\/wp\/v2\/media?parent=140818"}],"wp:term":[{"taxonomy":"category","embeddable":true,"href":"https:\/\/linitiative.ca\/International\/wp-json\/wp\/v2\/categories?post=140818"},{"taxonomy":"post_tag","embeddable":true,"href":"https:\/\/linitiative.ca\/International\/wp-json\/wp\/v2\/tags?post=140818"}],"curies":[{"name":"wp","href":"https:\/\/api.w.org\/{rel}","templated":true}]}}