{"id":140825,"date":"2022-02-14T02:37:00","date_gmt":"2022-02-14T07:37:00","guid":{"rendered":"https:\/\/linitiative.ca\/International\/metz-malgre-la-defaite-boulaya-tres-en-vue-face-a-lom\/"},"modified":"2022-02-14T02:37:00","modified_gmt":"2022-02-14T07:37:00","slug":"metz-malgre-la-defaite-boulaya-tres-en-vue-face-a-lom","status":"publish","type":"post","link":"https:\/\/linitiative.ca\/International\/metz-malgre-la-defaite-boulaya-tres-en-vue-face-a-lom\/","title":{"rendered":"Metz : Malgr\u00e9 la d\u00e9faite, Boulaya tr\u00e8s en vue face \u00e0 l&rsquo;OM"},"content":{"rendered":"<div>L&rsquo;Olympique de Marseille a arrach\u00e9 le succ\u00e8s \u00e0 Metz (1-2), ce dimanche, en cl\u00f4ture de la 24e journ\u00e9e de Ligue 1 fran\u00e7aise. Farid Boulaya \u00e9tait une nouvelle fois titulaire pour son \u00e9quipe<\/div>\n<p>Auteur:<br \/>\n<a href=\"https:\/\/www.lebuteur.com\/article\/detail?titre=metz-malgre-la-defaite-boulaya-tres-en-vue-face-a-lom&#038;id=102296\">Cliquez ici pour lire l&rsquo;article depuis sa source.<\/a><\/p>\n","protected":false},"excerpt":{"rendered":"<p>L&rsquo;Olympique de Marseille a arrach\u00e9 le succ\u00e8s \u00e0 Metz (1-2), ce dimanche, en cl\u00f4ture de la 24e journ\u00e9e de Ligue 1 fran\u00e7aise. Farid Boulaya \u00e9tait une nouvelle fois titulaire pour son \u00e9quipe Auteur: Cliquez ici pour lire l&rsquo;article depuis sa source.<\/p>\n","protected":false},"author":1738,"featured_media":0,"comment_status":"closed","ping_status":"closed","sticky":false,"template":"","format":"standard","meta":{"fifu_image_url":"","fifu_image_alt":"","footnotes":""},"categories":[53,75],"tags":[],"class_list":["post-140825","post","type-post","status-publish","format-standard","hentry","category-algerie","category-sport"],"_links":{"self":[{"href":"https:\/\/linitiative.ca\/International\/wp-json\/wp\/v2\/posts\/140825","targetHints":{"allow":["GET"]}}],"collection":[{"href":"https:\/\/linitiative.ca\/International\/wp-json\/wp\/v2\/posts"}],"about":[{"href":"https:\/\/linitiative.ca\/International\/wp-json\/wp\/v2\/types\/post"}],"author":[{"embeddable":true,"href":"https:\/\/linitiative.ca\/International\/wp-json\/wp\/v2\/users\/1738"}],"replies":[{"embeddable":true,"href":"https:\/\/linitiative.ca\/International\/wp-json\/wp\/v2\/comments?post=140825"}],"version-history":[{"count":0,"href":"https:\/\/linitiative.ca\/International\/wp-json\/wp\/v2\/posts\/140825\/revisions"}],"wp:attachment":[{"href":"https:\/\/linitiative.ca\/International\/wp-json\/wp\/v2\/media?parent=140825"}],"wp:term":[{"taxonomy":"category","embeddable":true,"href":"https:\/\/linitiative.ca\/International\/wp-json\/wp\/v2\/categories?post=140825"},{"taxonomy":"post_tag","embeddable":true,"href":"https:\/\/linitiative.ca\/International\/wp-json\/wp\/v2\/tags?post=140825"}],"curies":[{"name":"wp","href":"https:\/\/api.w.org\/{rel}","templated":true}]}}