{"id":14083,"date":"2019-02-14T04:12:56","date_gmt":"2019-02-14T09:12:56","guid":{"rendered":"https:\/\/linitiative.ca\/International\/proces-du-putsch-manque-il-ny-a-jamais-eu-dallegeance-colonel-major-naba-pale\/"},"modified":"2019-02-14T04:12:56","modified_gmt":"2019-02-14T09:12:56","slug":"proces-du-putsch-manque-il-ny-a-jamais-eu-dallegeance-colonel-major-naba-pale","status":"publish","type":"post","link":"https:\/\/linitiative.ca\/International\/proces-du-putsch-manque-il-ny-a-jamais-eu-dallegeance-colonel-major-naba-pale\/","title":{"rendered":"PROCES DU PUTSCH MANQUE    : \u00ab Il n\u2019y a jamais eu d\u2019all\u00e9geance \u00bb, colonel-major Naba Pal\u00e9"},"content":{"rendered":"<p><img decoding=\"async\" class=\"post_layout_5_img\" src=\"http:\/\/lepays.bf\/wp-content\/uploads\/2017\/07\/lepaysresponsive.png\" alt=\"PROCES DU PUTSCH MANQUE : \u00ab Il n\u2019y a jamais eu d\u2019all\u00e9geance \u00bb, colonel-major Naba Pal\u00e9\"\/><\/p>\n<p><strong>\u00a0Les colonels-majors Aim\u00e9 Gouba, Poko Ilboudou et Th\u00e9odore Naba Pal\u00e9, \u00a0chef d\u2019Etat-major g\u00e9n\u00e9ral des arm\u00e9es adjoint au moment des faits, ont comparu, le 13 f\u00e9vrier\u00a0 2019 \u00e0 la\u00a0 barre du Tribunal militaire de Ouagadougou en qualit\u00e9 de t\u00e9moins. Parmi les trois t\u00e9moins du jour, c\u2019est le t\u00e9moignage du colonel-major Naba Pal\u00e9 qui a retenu l\u2019attention\u00a0\u00a0 des uns et des autres. Pour lui, <em>\u00abil n\u2019y a jamais eu d\u2019all\u00e9geance\u00bb<\/em> comme tente de le faire croire le G\u00e9n\u00e9ral Gilbert \u00a0Diend\u00e9r\u00e9.<\/strong><\/p>\n<p><strong>\u00a0<\/strong><\/p>\n<p class=\"c4\">Les auditions des t\u00e9moins du coup d\u2019Etat du 16 septembre 2015 et jours suivants se poursuivent. Hier\u00a0\u00a0 13 f\u00e9vrier 2019, c\u2019\u00e9tait au tour des colonels-majors Aim\u00e9 Gouba,\u00a0 Poko Ilboudou et Th\u00e9odore Naba\u00a0 Pal\u00e9,\u00a0 chef d\u2019Etat-major g\u00e9n\u00e9ral des arm\u00e9es adjoint au moment des faits, d\u2019expliquer ce qu\u2019ils savent de cette affaire au juge Seidou Ou\u00e9draogo. Apr\u00e8s le passage des deux t\u00e9moins, c\u2019est le colonel Th\u00e9odore Naba Pal\u00e9 qui a \u00e9t\u00e9 invit\u00e9 \u00e0 donner sa version des faits. Il a dit avoir appris comme tout le monde la prise en otage des autorit\u00e9s de la Transition\u00a0le 16 septembre, apr\u00e8s une r\u00e9union \u00e0 laquelle prenait aussi part le Chef d\u2019\u00e9tat-major g\u00e9n\u00e9ral des arm\u00e9es (CEMGA), Pingr\u00e9noma Zagr\u00e9. C\u2019est d\u2019ailleurs ce dernier qui a inform\u00e9 les participants de ce \u00a0\u00a0que les autorit\u00e9s de la Transition avaient \u00e9t\u00e9 prises en otage. Et l\u2019information venait du G\u00e9n\u00e9ral Gilbert Diend\u00e9r\u00e9 \u00a0<em>himself<\/em> qui, par la m\u00eame occasion, demande \u00e0 rencontrer la hi\u00e9rarchie militaire \u00e0 16h. Finalement, c\u2019est \u00e0 17h que la rencontre a eu lieu pour prendre fin vers<\/p>\n<p class=\"c4\">3h du matin. Mais avant de s\u2019y rendre, le CEMGA a pris le soin de se faire accompagner de t\u00e9moins cr\u00e9dibles, en l\u2019occurrence l\u2019ancien pr\u00e9sident Jean Baptiste Ou\u00e9draogo et M. Paul Ou\u00e9draogo. Une fois dans la salle, le parton de l\u2019ex-R\u00e9giment de s\u00e9curit\u00e9 pr\u00e9sidentielle a fait le point de la situation avant de demander le soutien de \u00a0l\u2019arm\u00e9e dans son enti\u00e8ret\u00e9. Ce que la hi\u00e9rarchie a refus\u00e9 tout en exigeant la lib\u00e9ration des autorit\u00e9s. Ce que le G\u00e9n\u00e9ral a refus\u00e9 arguant que ses hommes ne veulent plus revenir en arri\u00e8re. L\u2019assembl\u00e9e lui a donc demand\u00e9 d\u2019aller rencontrer ses hommes pour leur faire entendre raison. Quelques instants apr\u00e8s son d\u00e9part, il revient et fait savoir que les soldats ont refus\u00e9. Se dessinent alors deux camps diam\u00e9tralement oppos\u00e9s. D\u2019un c\u00f4t\u00e9, le G\u00e9n\u00e9ral Diend\u00e9r\u00e9 et ses hommes qui disent ne plus \u00eatre \u00e0 mesure de faire marche arri\u00e8re \u00e0 cause des crises r\u00e9p\u00e9titives sans solution au sein de leur corps, et de l\u2019autre, la hi\u00e9rarchie qui estimait que la situation n\u2019\u00e9tait pas opportune pour un coup d\u2019Etat.\u00a0 <em>\u00ab\u00a0Nous avons dit au G\u00e9n\u00e9ral d\u2019assumer les actes que lui et ses hommes venaient de poser\u00a0\u00bb,<\/em> se souvient le colonel-major Naba Pal\u00e9. <em>\u00ab\u00a0Mon colonel, parlez-nous de la mission h\u00e9liport\u00e9e\u00a0\u00bb,<\/em> interroge le parquet. <em>\u00ab\u00a0Le colonel-major Aim\u00e9 Gouba, m\u2019a appel\u00e9 pour me dire que le G\u00e9n\u00e9ral Diend\u00e9r\u00e9 avait besoin de l\u2019h\u00e9licopt\u00e8re MI 24 pour une mission \u00e0 Niangoloko. Comme le chef d\u2019\u00e9tat-major de l\u2019arm\u00e9e de l\u2019air \u00e9tait en voyage, il voulait se r\u00e9f\u00e9rer \u00e0 la hi\u00e9rarchie pour savoir la conduite \u00e0 tenir\u00a0\u00bb. \u00abPouvez-vous dire non\u00a0?\u00a0\u00bb,<\/em>\u00a0avait demand\u00e9 le chef d\u2019\u00e9tat-major g\u00e9n\u00e9ral adjoint des arm\u00e9es au moment des faits. <em>\u00ab\u00a0N\u00e9gatif\u00a0\u00bb,<\/em>\u00a0\u00a0 a-t-il re\u00e7u comme r\u00e9ponse. \u00a0A la question de savoir s\u2019il avait entendu le colonel-major Boureima Ki\u00e9r\u00e9 lire une d\u00e9claration au cours de la rencontre\u00a0 dans la nuit du 16 septembre 2015, le t\u00e9moin relativise. Selon ses dires, la hi\u00e9rarchie avait entrepris de faire une d\u00e9claration\u00a0 en vue de rassurer la population qui commen\u00e7ait \u00e0 s\u2019inqui\u00e9ter. Cette d\u00e9claration a m\u00eame \u00e9t\u00e9 r\u00e9dig\u00e9e par un groupe d\u2019hommes mis en place \u00e0 cet effet. Mais il dit ne pas savoir comment la d\u00e9claration du Conseil national de la d\u00e9mocratie (CND) a \u00e9t\u00e9 redig\u00e9e. Quoi qu\u2019il en soit, soutient-il, l\u2019arm\u00e9e ne pouvait pas soutenir un coup d\u2019Etat, et une d\u00e9cision avait \u00e9t\u00e9 prise de \u00a0se d\u00e9marquer des \u00e9l\u00e9ments du RSP. Apr\u00e8s ce t\u00e9moignage, le G\u00e9n\u00e9ral Gilbert Diend\u00e9r\u00e9 a \u00e9t\u00e9 appel\u00e9 \u00e0 la barre. Pour lui, le t\u00e9moignage du colonel-major Naba Pal\u00e9 est plein de contrev\u00e9rit\u00e9s et que s\u2019il se mettait \u00e0 les commenter, il prendrait assez de temps \u00e0 la barre.\u00a0 La parole est alors donn\u00e9e aux avocats de la partie civile. Et Me Prosper Farama de commencer\u00a0: <em>\u00ab\u00a0Consid\u00e9rez-vous que le colonel-major Naba Pal\u00e9 ici pr\u00e9sent faisait \u00a0partie de la hi\u00e9rarchie dont vous parlez tous les jours\u00a0?\u00bb.<\/em> <em>\u00abLorsque je parle de la hi\u00e9rarchie, je parle du Chef d\u2019\u00e9tat-major g\u00e9n\u00e9ral des arm\u00e9es, des g\u00e9n\u00e9raux, du colonel-major ici pr\u00e9sent et de tous ceux qui qui sont dans la cha\u00eene de commandement\u00bb<\/em>, a r\u00e9pondu le G\u00e9n\u00e9ral Diend\u00e9r\u00e9.<em>\u00ab\u00a0Je retiens que le colonel ici faisait partie de la hi\u00e9rarchie\u00a0\u00bb,<\/em> a relev\u00e9\u00a0 Me Prosper Farama avant de demander si le fait d\u2019avoir facilit\u00e9 la mission h\u00e9liport\u00e9e \u00e9tait un acte d\u2019all\u00e9geance comme tente de le faire croire le G\u00e9n\u00e9ral Diend\u00e9r\u00e9.\u00a0<em>\u00ab\u00a0Non. Le souci du G\u00e9n\u00e9ral Pingrenoma Zagr\u00e9 \u00e9tait d\u2019\u00e9viter qu\u2019il y ait une guerre civile, que des Burkinab\u00e8 tirent sur d\u2019autres Burkinab\u00e8. \u00a0Il n\u2019y a jamais \u00a0eu d\u2019all\u00e9geance. Le G\u00e9n\u00e9ral Pingr\u00e9noma voulait tout faire pour ne pas qu\u2019il y ait affrontement entre les hommes\u00bb.<\/em> Et de relever que dans une arm\u00e9e normale, il n\u2019y a pas un corps comme le RSP qui ne r\u00e9pondait pas du CEMGA. Le RSP \u00e9tait une unit\u00e9 extra. A la question de savoir pourquoi la hi\u00e9rarchie ne s\u2019est pas oppos\u00e9e au coup d\u2019Etat, il a laiss\u00e9 entendre qu\u2019en 2011, apr\u00e8s la mutinerie, l\u2019arm\u00e9e avait \u00e9t\u00e9 d\u00e9sarm\u00e9e. Et ses armes \u00e9taient entrepos\u00e9es dans les magasins du RSP.\u00a0 Pire, confie le t\u00e9moin, il y avait des \u00a0r\u00e9giments qui avaient \u00e0 peine 35 kalachnikovs.<\/p>\n<p><strong>Issa SIGUIRE<\/strong><\/p>\n<p><strong>\u00a0<\/strong><\/p>\n<p>Auteur: Le Pays<br \/>\n<a href=\"http:\/\/lepays.bf\/proces-du-putsch-manque-il-ny-a-jamais-eu-dallegeance-colonel-major-naba-pale\/\">Cliquez ici pour lire l&rsquo;article depuis sa source.<\/a><\/p>\n","protected":false},"excerpt":{"rendered":"<p>\u00a0Les colonels-majors Aim\u00e9 Gouba, Poko Ilboudou et Th\u00e9odore Naba Pal\u00e9, \u00a0chef d\u2019Etat-major g\u00e9n\u00e9ral des arm\u00e9es adjoint au moment des faits, ont comparu, le 13 f\u00e9vrier\u00a0 2019 \u00e0 la\u00a0 barre du Tribunal militaire de Ouagadougou en qualit\u00e9 de t\u00e9moins. Parmi les trois t\u00e9moins du jour, c\u2019est le t\u00e9moignage du colonel-major Naba Pal\u00e9 qui a retenu l\u2019attention\u00a0\u00a0 [&hellip;]<\/p>\n","protected":false},"author":1813,"featured_media":14091,"comment_status":"closed","ping_status":"closed","sticky":false,"template":"","format":"standard","meta":{"fifu_image_url":"","fifu_image_alt":"","footnotes":""},"categories":[73,81],"tags":[],"class_list":["post-14083","post","type-post","status-publish","format-standard","has-post-thumbnail","hentry","category-actualite","category-burkina-faso"],"_links":{"self":[{"href":"https:\/\/linitiative.ca\/International\/wp-json\/wp\/v2\/posts\/14083","targetHints":{"allow":["GET"]}}],"collection":[{"href":"https:\/\/linitiative.ca\/International\/wp-json\/wp\/v2\/posts"}],"about":[{"href":"https:\/\/linitiative.ca\/International\/wp-json\/wp\/v2\/types\/post"}],"author":[{"embeddable":true,"href":"https:\/\/linitiative.ca\/International\/wp-json\/wp\/v2\/users\/1813"}],"replies":[{"embeddable":true,"href":"https:\/\/linitiative.ca\/International\/wp-json\/wp\/v2\/comments?post=14083"}],"version-history":[{"count":0,"href":"https:\/\/linitiative.ca\/International\/wp-json\/wp\/v2\/posts\/14083\/revisions"}],"wp:featuredmedia":[{"embeddable":true,"href":"https:\/\/linitiative.ca\/International\/wp-json\/"}],"wp:attachment":[{"href":"https:\/\/linitiative.ca\/International\/wp-json\/wp\/v2\/media?parent=14083"}],"wp:term":[{"taxonomy":"category","embeddable":true,"href":"https:\/\/linitiative.ca\/International\/wp-json\/wp\/v2\/categories?post=14083"},{"taxonomy":"post_tag","embeddable":true,"href":"https:\/\/linitiative.ca\/International\/wp-json\/wp\/v2\/tags?post=14083"}],"curies":[{"name":"wp","href":"https:\/\/api.w.org\/{rel}","templated":true}]}}