{"id":140840,"date":"2022-02-14T06:47:00","date_gmt":"2022-02-14T11:47:00","guid":{"rendered":"https:\/\/linitiative.ca\/International\/tahar-bekri-edouard-glissant-comme-un-chant-profond\/"},"modified":"2022-02-14T06:47:00","modified_gmt":"2022-02-14T11:47:00","slug":"tahar-bekri-edouard-glissant-comme-un-chant-profond","status":"publish","type":"post","link":"https:\/\/linitiative.ca\/International\/tahar-bekri-edouard-glissant-comme-un-chant-profond\/","title":{"rendered":"Tahar Bekri: Edouard Glissant, comme un chant profond"},"content":{"rendered":"<div><img decoding=\"async\" src=\"https:\/\/linitiative.ca\/International\/wp-content\/uploads\/sites\/23\/2022\/02\/1644837475_article.jpg\" alt=\"Tahar Bekri: Edouard Glissant, comme un chant profond\" align=\"left\">En 2008, je devais coordonner avec l\u2019\u00e9crivain togolais, Kagni Alem, un num\u00e9ro sp\u00e9cial de la revue Cultures Sud(1), consacr\u00e9 au \u00abDialogue Maghreb-Afrique noire\u00bb. J\u2019ai eu la chance de retrouver un article d\u2019Edouard Glissant, publi\u00e9 en janvier 1959 dans la revue Les Lettres nouvelles(2), \u00e0 laquelle il collaborait, intitul\u00e9 \u00abLe chant profond de Kateb Yacine\u00bb. L\u2019Alg\u00e9rie \u00e9tait en pleine guerre de lib\u00e9ration et Edouard Glissant y reprenait un texte qu\u2019il a lu comme pr\u00e9sentation de la pi\u00e8ce de th\u00e9\u00e2tre de Kateb Yacine, Le Cadavre encercl\u00e9(3).\u00a0 Le texte a \u00e9t\u00e9 lu au th\u00e9\u00e2tre Moli\u00e8re \u00e0 Bruxelles, le 25 novembre 1958, car la pi\u00e8ce de Kateb, qui \u00e9tait publi\u00e9e &#8230;<\/p>\n<\/div>\n<p>Auteur:<br \/>\n<a href=\"https:\/\/www.leaders.com.tn\/article\/32967-tahar-bekri-edouard-glissant-comme-un-chant-profond\">Cliquez ici pour lire l&rsquo;article depuis sa source.<\/a><\/p>\n","protected":false},"excerpt":{"rendered":"<p>En 2008, je devais coordonner avec l\u2019\u00e9crivain togolais, Kagni Alem, un num\u00e9ro sp\u00e9cial de la revue Cultures Sud(1), consacr\u00e9 au \u00abDialogue Maghreb-Afrique noire\u00bb. J\u2019ai eu la chance de retrouver un article d\u2019Edouard Glissant, publi\u00e9 en janvier 1959 dans la revue Les Lettres nouvelles(2), \u00e0 laquelle il collaborait, intitul\u00e9 \u00abLe chant profond de Kateb Yacine\u00bb. L\u2019Alg\u00e9rie [&hellip;]<\/p>\n","protected":false},"author":1772,"featured_media":0,"comment_status":"closed","ping_status":"closed","sticky":false,"template":"","format":"standard","meta":{"fifu_image_url":"http:\/\/www.leaders.com.tn\/uploads\/content\/thumbnails_small\/1644837475_article.jpg","fifu_image_alt":"Tahar Bekri: Edouard Glissant, comme un chant profond","footnotes":""},"categories":[73,55],"tags":[],"class_list":["post-140840","post","type-post","status-publish","format-standard","hentry","category-actualite","category-tunisie"],"_links":{"self":[{"href":"https:\/\/linitiative.ca\/International\/wp-json\/wp\/v2\/posts\/140840","targetHints":{"allow":["GET"]}}],"collection":[{"href":"https:\/\/linitiative.ca\/International\/wp-json\/wp\/v2\/posts"}],"about":[{"href":"https:\/\/linitiative.ca\/International\/wp-json\/wp\/v2\/types\/post"}],"author":[{"embeddable":true,"href":"https:\/\/linitiative.ca\/International\/wp-json\/wp\/v2\/users\/1772"}],"replies":[{"embeddable":true,"href":"https:\/\/linitiative.ca\/International\/wp-json\/wp\/v2\/comments?post=140840"}],"version-history":[{"count":0,"href":"https:\/\/linitiative.ca\/International\/wp-json\/wp\/v2\/posts\/140840\/revisions"}],"wp:attachment":[{"href":"https:\/\/linitiative.ca\/International\/wp-json\/wp\/v2\/media?parent=140840"}],"wp:term":[{"taxonomy":"category","embeddable":true,"href":"https:\/\/linitiative.ca\/International\/wp-json\/wp\/v2\/categories?post=140840"},{"taxonomy":"post_tag","embeddable":true,"href":"https:\/\/linitiative.ca\/International\/wp-json\/wp\/v2\/tags?post=140840"}],"curies":[{"name":"wp","href":"https:\/\/api.w.org\/{rel}","templated":true}]}}