{"id":140842,"date":"2022-02-14T12:58:00","date_gmt":"2022-02-14T17:58:00","guid":{"rendered":"https:\/\/linitiative.ca\/International\/sfax-abrite-le-25congres-de-lugtt-ce-nest-que-justice-rendue-a-cette-ville-de-vieille-tradition-syndicale\/"},"modified":"2022-02-14T12:58:00","modified_gmt":"2022-02-14T17:58:00","slug":"sfax-abrite-le-25congres-de-lugtt-ce-nest-que-justice-rendue-a-cette-ville-de-vieille-tradition-syndicale","status":"publish","type":"post","link":"https:\/\/linitiative.ca\/International\/sfax-abrite-le-25congres-de-lugtt-ce-nest-que-justice-rendue-a-cette-ville-de-vieille-tradition-syndicale\/","title":{"rendered":"Sfax abrite le 25\u00b0Congr\u00e8s de l\u2019Ugtt: ce n\u2019est que justice rendue \u00e0 cette ville de vieille tradition syndicale"},"content":{"rendered":"<div><img decoding=\"async\" src=\"https:\/\/linitiative.ca\/International\/wp-content\/uploads\/sites\/23\/2022\/02\/1644864203_article.jpg\" alt=\"Sfax abrite le 25\u00b0Congr\u00e8s de l\u2019Ugtt: ce n\u2019est que justice rendue \u00e0 la ville de haute tradition syndicale\" align=\"left\">Par Mossaab Abdallah &#8211; Il avait fallu attendre 76 ans pour voir un congr\u00e8s national ordinaire de l\u2019Ugtt se tenir \u00e0 Sfax. Ce n\u2019est que justice rendue puisque la ville ayant enfant\u00e9 la prestigieuse et puissante centrale syndicale tunisienne, se voit, enfin, honor\u00e9e par l\u2019organisation d\u2019un congr\u00e8s national dont elle a en a \u00e9t\u00e9 priv\u00e9e \u00be de si\u00e8cle durant.<br \/>\nC\u2019est Noureddine Taboubi, secr\u00e9taire g\u00e9n\u00e9ral en exercice originaire du nord ouest qui a pes\u00e9 de tout son poids pour faire ent\u00e9riner cette d\u00e9cision aupr\u00e8s de ses camarades. On dit de lui qu&rsquo;il est un \u00ab achouriste \u00bb convaincu, c\u2019est-\u00e0-dire un adepte de Habib Achour, ancien secr\u00e9taire g\u00e9n\u00e9ral de l\u2019Ugtt. A-t-on &#8230;<\/p>\n<\/div>\n<p>Auteur:<br \/>\n<a href=\"https:\/\/www.leaders.com.tn\/article\/32968-sfax-abrite-le-25-congres-de-l-ugtt-ce-n-est-que-justice-rendue-a-la-ville-de-haute-tradition-syndicale\">Cliquez ici pour lire l&rsquo;article depuis sa source.<\/a><\/p>\n","protected":false},"excerpt":{"rendered":"<p>Par Mossaab Abdallah &#8211; Il avait fallu attendre 76 ans pour voir un congr\u00e8s national ordinaire de l\u2019Ugtt se tenir \u00e0 Sfax. Ce n\u2019est que justice rendue puisque la ville ayant enfant\u00e9 la prestigieuse et puissante centrale syndicale tunisienne, se voit, enfin, honor\u00e9e par l\u2019organisation d\u2019un congr\u00e8s national dont elle a en a \u00e9t\u00e9 priv\u00e9e [&hellip;]<\/p>\n","protected":false},"author":1772,"featured_media":0,"comment_status":"closed","ping_status":"closed","sticky":false,"template":"","format":"standard","meta":{"fifu_image_url":"http:\/\/www.leaders.com.tn\/uploads\/content\/thumbnails_small\/1644864203_article.jpg","fifu_image_alt":"Sfax abrite le 25\u00b0Congr\u00e8s de l\u2019Ugtt: ce n\u2019est que justice rendue \u00e0 cette ville de vieille tradition syndicale","footnotes":""},"categories":[73,55],"tags":[],"class_list":["post-140842","post","type-post","status-publish","format-standard","hentry","category-actualite","category-tunisie"],"_links":{"self":[{"href":"https:\/\/linitiative.ca\/International\/wp-json\/wp\/v2\/posts\/140842","targetHints":{"allow":["GET"]}}],"collection":[{"href":"https:\/\/linitiative.ca\/International\/wp-json\/wp\/v2\/posts"}],"about":[{"href":"https:\/\/linitiative.ca\/International\/wp-json\/wp\/v2\/types\/post"}],"author":[{"embeddable":true,"href":"https:\/\/linitiative.ca\/International\/wp-json\/wp\/v2\/users\/1772"}],"replies":[{"embeddable":true,"href":"https:\/\/linitiative.ca\/International\/wp-json\/wp\/v2\/comments?post=140842"}],"version-history":[{"count":0,"href":"https:\/\/linitiative.ca\/International\/wp-json\/wp\/v2\/posts\/140842\/revisions"}],"wp:attachment":[{"href":"https:\/\/linitiative.ca\/International\/wp-json\/wp\/v2\/media?parent=140842"}],"wp:term":[{"taxonomy":"category","embeddable":true,"href":"https:\/\/linitiative.ca\/International\/wp-json\/wp\/v2\/categories?post=140842"},{"taxonomy":"post_tag","embeddable":true,"href":"https:\/\/linitiative.ca\/International\/wp-json\/wp\/v2\/tags?post=140842"}],"curies":[{"name":"wp","href":"https:\/\/api.w.org\/{rel}","templated":true}]}}