{"id":140844,"date":"2022-02-14T09:28:51","date_gmt":"2022-02-14T14:28:51","guid":{"rendered":"https:\/\/linitiative.ca\/International\/le-geant-autrichien-mondi-etend-ses-activites-au-maroc\/"},"modified":"2022-02-14T09:28:51","modified_gmt":"2022-02-14T14:28:51","slug":"le-geant-autrichien-mondi-etend-ses-activites-au-maroc","status":"publish","type":"post","link":"https:\/\/linitiative.ca\/International\/le-geant-autrichien-mondi-etend-ses-activites-au-maroc\/","title":{"rendered":"Le g\u00e9ant autrichien Mondi \u00e9tend ses activit\u00e9s au Maroc"},"content":{"rendered":"<div><img decoding=\"async\" width=\"1920\" height=\"1280\" src=\"https:\/\/linitiative.ca\/International\/wp-content\/uploads\/sites\/23\/2022\/02\/Mondi-1-1.jpeg\" class=\"attachment-post-thumbnail size-post-thumbnail wp-post-image\" alt=\"\" loading=\"lazy\" srcset=\"https:\/\/linitiative.ca\/International\/wp-content\/uploads\/sites\/23\/2022\/02\/Mondi-1-1.jpeg 1920w, https:\/\/www.challenge.ma\/wp-content\/uploads\/2022\/02\/Mondi-1-1-300x200.jpeg 300w, https:\/\/www.challenge.ma\/wp-content\/uploads\/2022\/02\/Mondi-1-1-1024x683.jpeg 1024w, https:\/\/www.challenge.ma\/wp-content\/uploads\/2022\/02\/Mondi-1-1-768x512.jpeg 768w, https:\/\/www.challenge.ma\/wp-content\/uploads\/2022\/02\/Mondi-1-1-1536x1024.jpeg 1536w, https:\/\/www.challenge.ma\/wp-content\/uploads\/2022\/02\/Mondi-1-1-360x240.jpeg 360w, https:\/\/www.challenge.ma\/wp-content\/uploads\/2022\/02\/Mondi-1-1-750x500.jpeg 750w\" sizes=\"auto, (max-width: 1920px) 100vw, 1920px\" itemprop=\"image\">Quatre ans, jour pour jour, apr\u00e8s avoir fusionn\u00e9 ses deux filiales marocaines, le g\u00e9ant autrichien de l\u2019emballage poursuit ses investissements au Maroc. En effet, ce groupe bas\u00e9 \u00e0 Vienne qui fait partie des leaders mondiaux de l\u2019emballage et de la fabrication du papier, s\u2019appr\u00eate \u00e0 lancer l\u2019extension de son site<\/div>\n<p>Auteur: challenge<br \/>\n<a href=\"https:\/\/www.challenge.ma\/le-geant-autrichien-mondi-etend-ses-activites-au-maroc-232465\/\">Cliquez ici pour lire l&rsquo;article depuis sa source.<\/a><\/p>\n","protected":false},"excerpt":{"rendered":"<p>Quatre ans, jour pour jour, apr\u00e8s avoir fusionn\u00e9 ses deux filiales marocaines, le g\u00e9ant autrichien de l\u2019emballage poursuit ses investissements au Maroc. En effet, ce groupe bas\u00e9 \u00e0 Vienne qui fait partie des leaders mondiaux de l\u2019emballage et de la fabrication du papier, s\u2019appr\u00eate \u00e0 lancer l\u2019extension de son site Auteur: challenge Cliquez ici pour [&hellip;]<\/p>\n","protected":false},"author":1787,"featured_media":0,"comment_status":"closed","ping_status":"closed","sticky":false,"template":"","format":"standard","meta":{"fifu_image_url":"https:\/\/www.challenge.ma\/wp-content\/uploads\/2022\/02\/Mondi-1-1.jpeg","fifu_image_alt":"Le g\u00e9ant autrichien Mondi \u00e9tend ses activit\u00e9s au Maroc","footnotes":""},"categories":[78,54],"tags":[],"class_list":["post-140844","post","type-post","status-publish","format-standard","hentry","category-economie","category-maroc"],"_links":{"self":[{"href":"https:\/\/linitiative.ca\/International\/wp-json\/wp\/v2\/posts\/140844","targetHints":{"allow":["GET"]}}],"collection":[{"href":"https:\/\/linitiative.ca\/International\/wp-json\/wp\/v2\/posts"}],"about":[{"href":"https:\/\/linitiative.ca\/International\/wp-json\/wp\/v2\/types\/post"}],"author":[{"embeddable":true,"href":"https:\/\/linitiative.ca\/International\/wp-json\/wp\/v2\/users\/1787"}],"replies":[{"embeddable":true,"href":"https:\/\/linitiative.ca\/International\/wp-json\/wp\/v2\/comments?post=140844"}],"version-history":[{"count":0,"href":"https:\/\/linitiative.ca\/International\/wp-json\/wp\/v2\/posts\/140844\/revisions"}],"wp:attachment":[{"href":"https:\/\/linitiative.ca\/International\/wp-json\/wp\/v2\/media?parent=140844"}],"wp:term":[{"taxonomy":"category","embeddable":true,"href":"https:\/\/linitiative.ca\/International\/wp-json\/wp\/v2\/categories?post=140844"},{"taxonomy":"post_tag","embeddable":true,"href":"https:\/\/linitiative.ca\/International\/wp-json\/wp\/v2\/tags?post=140844"}],"curies":[{"name":"wp","href":"https:\/\/api.w.org\/{rel}","templated":true}]}}