{"id":140846,"date":"2022-02-14T10:28:16","date_gmt":"2022-02-14T15:28:16","guid":{"rendered":"https:\/\/linitiative.ca\/International\/marche-des-capitaux-comment-nezha-hayat-veut-en-faire-un-instrument-pour-la-relance\/"},"modified":"2022-02-14T10:28:16","modified_gmt":"2022-02-14T15:28:16","slug":"marche-des-capitaux-comment-nezha-hayat-veut-en-faire-un-instrument-pour-la-relance","status":"publish","type":"post","link":"https:\/\/linitiative.ca\/International\/marche-des-capitaux-comment-nezha-hayat-veut-en-faire-un-instrument-pour-la-relance\/","title":{"rendered":"March\u00e9 des capitaux. Comment Nezha Hayat veut en faire un instrument pour la relance"},"content":{"rendered":"<div><img decoding=\"async\" width=\"1009\" height=\"635\" src=\"https:\/\/linitiative.ca\/International\/wp-content\/uploads\/sites\/23\/2022\/02\/nezha_hayat_presidente_de_lammc.jpg\" class=\"attachment-post-thumbnail size-post-thumbnail wp-post-image\" alt=\"\" loading=\"lazy\" srcset=\"https:\/\/linitiative.ca\/International\/wp-content\/uploads\/sites\/23\/2022\/02\/nezha_hayat_presidente_de_lammc.jpg 1009w, https:\/\/www.challenge.ma\/wp-content\/uploads\/2019\/06\/nezha_hayat_presidente_de_lammc-300x189.jpg 300w, https:\/\/www.challenge.ma\/wp-content\/uploads\/2019\/06\/nezha_hayat_presidente_de_lammc-768x483.jpg 768w, https:\/\/www.challenge.ma\/wp-content\/uploads\/2019\/06\/nezha_hayat_presidente_de_lammc-360x227.jpg 360w, https:\/\/www.challenge.ma\/wp-content\/uploads\/2019\/06\/nezha_hayat_presidente_de_lammc-750x472.jpg 750w\" sizes=\"auto, (max-width: 1009px) 100vw, 1009px\" itemprop=\"image\">L\u2019Autorit\u00e9 marocaine du march\u00e9 des capitaux (AMMC) entend intensifier ses efforts visant \u00e0 faciliter et acc\u00e9l\u00e9rer l\u2019acc\u00e8s des PME marocaines au march\u00e9 des capitaux, en vue de doper la relance \u00e9conomique du royaume. C\u2019est ce qui ressort de l\u2019entretien qu\u2019a r\u00e9cemment accord\u00e9 Nezha Hayat, Pr\u00e9sidente de l\u2019AMMC, au magazine Jeune<\/div>\n<p>Auteur: challenge<br \/>\n<a href=\"https:\/\/www.challenge.ma\/marche-des-capitaux-comment-nezha-hayat-veut-en-faire-un-instrument-pour-la-relance-232574\/\">Cliquez ici pour lire l&rsquo;article depuis sa source.<\/a><\/p>\n","protected":false},"excerpt":{"rendered":"<p>L\u2019Autorit\u00e9 marocaine du march\u00e9 des capitaux (AMMC) entend intensifier ses efforts visant \u00e0 faciliter et acc\u00e9l\u00e9rer l\u2019acc\u00e8s des PME marocaines au march\u00e9 des capitaux, en vue de doper la relance \u00e9conomique du royaume. C\u2019est ce qui ressort de l\u2019entretien qu\u2019a r\u00e9cemment accord\u00e9 Nezha Hayat, Pr\u00e9sidente de l\u2019AMMC, au magazine Jeune Auteur: challenge Cliquez ici pour [&hellip;]<\/p>\n","protected":false},"author":1787,"featured_media":0,"comment_status":"closed","ping_status":"closed","sticky":false,"template":"","format":"standard","meta":{"fifu_image_url":"https:\/\/www.challenge.ma\/wp-content\/uploads\/2019\/06\/nezha_hayat_presidente_de_lammc.jpg","fifu_image_alt":"March\u00e9 des capitaux. Comment Nezha Hayat veut en faire un instrument pour la relance","footnotes":""},"categories":[78,54],"tags":[],"class_list":["post-140846","post","type-post","status-publish","format-standard","hentry","category-economie","category-maroc"],"_links":{"self":[{"href":"https:\/\/linitiative.ca\/International\/wp-json\/wp\/v2\/posts\/140846","targetHints":{"allow":["GET"]}}],"collection":[{"href":"https:\/\/linitiative.ca\/International\/wp-json\/wp\/v2\/posts"}],"about":[{"href":"https:\/\/linitiative.ca\/International\/wp-json\/wp\/v2\/types\/post"}],"author":[{"embeddable":true,"href":"https:\/\/linitiative.ca\/International\/wp-json\/wp\/v2\/users\/1787"}],"replies":[{"embeddable":true,"href":"https:\/\/linitiative.ca\/International\/wp-json\/wp\/v2\/comments?post=140846"}],"version-history":[{"count":0,"href":"https:\/\/linitiative.ca\/International\/wp-json\/wp\/v2\/posts\/140846\/revisions"}],"wp:attachment":[{"href":"https:\/\/linitiative.ca\/International\/wp-json\/wp\/v2\/media?parent=140846"}],"wp:term":[{"taxonomy":"category","embeddable":true,"href":"https:\/\/linitiative.ca\/International\/wp-json\/wp\/v2\/categories?post=140846"},{"taxonomy":"post_tag","embeddable":true,"href":"https:\/\/linitiative.ca\/International\/wp-json\/wp\/v2\/tags?post=140846"}],"curies":[{"name":"wp","href":"https:\/\/api.w.org\/{rel}","templated":true}]}}