{"id":140850,"date":"2022-02-14T11:30:48","date_gmt":"2022-02-14T16:30:48","guid":{"rendered":"https:\/\/linitiative.ca\/International\/affaire-merendina-quand-lamour-seme-la-discorde\/"},"modified":"2022-02-14T11:30:48","modified_gmt":"2022-02-14T16:30:48","slug":"affaire-merendina-quand-lamour-seme-la-discorde","status":"publish","type":"post","link":"https:\/\/linitiative.ca\/International\/affaire-merendina-quand-lamour-seme-la-discorde\/","title":{"rendered":"Affaire Merendina. Quand l\u2019amour s\u00e8me la discorde"},"content":{"rendered":"<div><img decoding=\"async\" width=\"698\" height=\"430\" src=\"https:\/\/linitiative.ca\/International\/wp-content\/uploads\/sites\/23\/2022\/02\/698x430-1.jpg\" class=\"attachment-post-thumbnail size-post-thumbnail wp-post-image\" alt=\"\" loading=\"lazy\" srcset=\"https:\/\/linitiative.ca\/International\/wp-content\/uploads\/sites\/23\/2022\/02\/698x430-1.jpg 698w, https:\/\/www.challenge.ma\/wp-content\/uploads\/2022\/02\/\u0645\u063a\u0627\u0631\u0628\u0629-698x430-1-300x185.jpg 300w, https:\/\/www.challenge.ma\/wp-content\/uploads\/2022\/02\/\u0645\u063a\u0627\u0631\u0628\u0629-698x430-1-360x222.jpg 360w\" sizes=\"auto, (max-width: 698px) 100vw, 698px\" itemprop=\"image\">Quand on entend le mot \u00ab\u00a0amour\u00a0\u00bb, on ne peut que s\u2019imaginer une image heureuse, de la qui\u00e9tude et du plaisir. Personne n\u2019aurait pu imaginer que dans notre ch\u00e8re nation, ce mot d\u00e9range autant. Sujet de soci\u00e9t\u00e9 ou coup marketing rat\u00e9 ? En cette saint-valentin, on revient sur l\u2019affaire Merendina. Pour<\/div>\n<p>Auteur: Azeroual Siham<br \/>\n<a href=\"https:\/\/www.challenge.ma\/affaire-merendina-quand-lamour-seme-la-discorde-232569\/\">Cliquez ici pour lire l&rsquo;article depuis sa source.<\/a><\/p>\n","protected":false},"excerpt":{"rendered":"<p>Quand on entend le mot \u00ab\u00a0amour\u00a0\u00bb, on ne peut que s\u2019imaginer une image heureuse, de la qui\u00e9tude et du plaisir. Personne n\u2019aurait pu imaginer que dans notre ch\u00e8re nation, ce mot d\u00e9range autant. Sujet de soci\u00e9t\u00e9 ou coup marketing rat\u00e9 ? En cette saint-valentin, on revient sur l\u2019affaire Merendina. Pour Auteur: Azeroual Siham Cliquez ici [&hellip;]<\/p>\n","protected":false},"author":1787,"featured_media":0,"comment_status":"closed","ping_status":"closed","sticky":false,"template":"","format":"standard","meta":{"fifu_image_url":"https:\/\/www.challenge.ma\/wp-content\/uploads\/2022\/02\/\u0645\u063a\u0627\u0631\u0628\u0629-698x430-1.jpg","fifu_image_alt":"Affaire Merendina. Quand l\u2019amour s\u00e8me la discorde","footnotes":""},"categories":[78,54],"tags":[],"class_list":["post-140850","post","type-post","status-publish","format-standard","hentry","category-economie","category-maroc"],"_links":{"self":[{"href":"https:\/\/linitiative.ca\/International\/wp-json\/wp\/v2\/posts\/140850","targetHints":{"allow":["GET"]}}],"collection":[{"href":"https:\/\/linitiative.ca\/International\/wp-json\/wp\/v2\/posts"}],"about":[{"href":"https:\/\/linitiative.ca\/International\/wp-json\/wp\/v2\/types\/post"}],"author":[{"embeddable":true,"href":"https:\/\/linitiative.ca\/International\/wp-json\/wp\/v2\/users\/1787"}],"replies":[{"embeddable":true,"href":"https:\/\/linitiative.ca\/International\/wp-json\/wp\/v2\/comments?post=140850"}],"version-history":[{"count":0,"href":"https:\/\/linitiative.ca\/International\/wp-json\/wp\/v2\/posts\/140850\/revisions"}],"wp:attachment":[{"href":"https:\/\/linitiative.ca\/International\/wp-json\/wp\/v2\/media?parent=140850"}],"wp:term":[{"taxonomy":"category","embeddable":true,"href":"https:\/\/linitiative.ca\/International\/wp-json\/wp\/v2\/categories?post=140850"},{"taxonomy":"post_tag","embeddable":true,"href":"https:\/\/linitiative.ca\/International\/wp-json\/wp\/v2\/tags?post=140850"}],"curies":[{"name":"wp","href":"https:\/\/api.w.org\/{rel}","templated":true}]}}