{"id":140852,"date":"2022-02-14T11:46:32","date_gmt":"2022-02-14T16:46:32","guid":{"rendered":"https:\/\/linitiative.ca\/International\/chakib-alj-il-est-necessaire-de-donner-un-nouveau-souffle-a-laccord-commercial-et-dinvestissement-maroc-ue\/"},"modified":"2022-02-14T11:46:32","modified_gmt":"2022-02-14T16:46:32","slug":"chakib-alj-il-est-necessaire-de-donner-un-nouveau-souffle-a-laccord-commercial-et-dinvestissement-maroc-ue","status":"publish","type":"post","link":"https:\/\/linitiative.ca\/International\/chakib-alj-il-est-necessaire-de-donner-un-nouveau-souffle-a-laccord-commercial-et-dinvestissement-maroc-ue\/","title":{"rendered":"Chakib Alj : \u00ab Il est n\u00e9cessaire de donner un nouveau souffle \u00e0 l\u2019accord commercial et d\u2019investissement Maroc-UE \u00bb"},"content":{"rendered":"<div><img decoding=\"async\" width=\"1170\" height=\"640\" src=\"https:\/\/linitiative.ca\/International\/wp-content\/uploads\/sites\/23\/2022\/02\/image_6487327-1.jpg\" class=\"attachment-post-thumbnail size-post-thumbnail wp-post-image\" alt=\"\" loading=\"lazy\" srcset=\"https:\/\/linitiative.ca\/International\/wp-content\/uploads\/sites\/23\/2022\/02\/image_6487327-1.jpg 1170w, https:\/\/www.challenge.ma\/wp-content\/uploads\/2022\/02\/image_6487327-1-300x164.jpg 300w, https:\/\/www.challenge.ma\/wp-content\/uploads\/2022\/02\/image_6487327-1-1024x560.jpg 1024w, https:\/\/www.challenge.ma\/wp-content\/uploads\/2022\/02\/image_6487327-1-768x420.jpg 768w, https:\/\/www.challenge.ma\/wp-content\/uploads\/2022\/02\/image_6487327-1-360x197.jpg 360w, https:\/\/www.challenge.ma\/wp-content\/uploads\/2022\/02\/image_6487327-1-750x410.jpg 750w\" sizes=\"auto, (max-width: 1170px) 100vw, 1170px\" itemprop=\"image\">La Conf\u00e9d\u00e9ration G\u00e9n\u00e9rale des Entreprises du Maroc (CGEM) et BusinessEurope ont organis\u00e9 conjointement le 14 f\u00e9vrier une rencontre sous le th\u00e8me \u00ab\u00a0la modernisation de l\u2019Accord d\u2019Association Maroc-UE : pour une int\u00e9gration plus forte des march\u00e9s europ\u00e9ens et africains\u00a0\u00bb. Cette rencontre a permis aux deux parties de r\u00e9affirmer leurs priorit\u00e9s en<\/div>\n<p>Auteur: challenge<br \/>\n<a href=\"https:\/\/www.challenge.ma\/chakib-alj-il-est-necessaire-de-donner-un-nouveau-souffle-a-laccord-commercial-et-dinvestissement-maroc-ue-232617\/\">Cliquez ici pour lire l&rsquo;article depuis sa source.<\/a><\/p>\n","protected":false},"excerpt":{"rendered":"<p>La Conf\u00e9d\u00e9ration G\u00e9n\u00e9rale des Entreprises du Maroc (CGEM) et BusinessEurope ont organis\u00e9 conjointement le 14 f\u00e9vrier une rencontre sous le th\u00e8me \u00ab\u00a0la modernisation de l\u2019Accord d\u2019Association Maroc-UE : pour une int\u00e9gration plus forte des march\u00e9s europ\u00e9ens et africains\u00a0\u00bb. Cette rencontre a permis aux deux parties de r\u00e9affirmer leurs priorit\u00e9s en Auteur: challenge Cliquez ici pour [&hellip;]<\/p>\n","protected":false},"author":1787,"featured_media":0,"comment_status":"closed","ping_status":"closed","sticky":false,"template":"","format":"standard","meta":{"fifu_image_url":"https:\/\/www.challenge.ma\/wp-content\/uploads\/2022\/02\/image_6487327-1.jpg","fifu_image_alt":"Chakib Alj : \u00ab Il est n\u00e9cessaire de donner un nouveau souffle \u00e0 l\u2019accord commercial et d\u2019investissement Maroc-UE \u00bb","footnotes":""},"categories":[78,54],"tags":[],"class_list":["post-140852","post","type-post","status-publish","format-standard","hentry","category-economie","category-maroc"],"_links":{"self":[{"href":"https:\/\/linitiative.ca\/International\/wp-json\/wp\/v2\/posts\/140852","targetHints":{"allow":["GET"]}}],"collection":[{"href":"https:\/\/linitiative.ca\/International\/wp-json\/wp\/v2\/posts"}],"about":[{"href":"https:\/\/linitiative.ca\/International\/wp-json\/wp\/v2\/types\/post"}],"author":[{"embeddable":true,"href":"https:\/\/linitiative.ca\/International\/wp-json\/wp\/v2\/users\/1787"}],"replies":[{"embeddable":true,"href":"https:\/\/linitiative.ca\/International\/wp-json\/wp\/v2\/comments?post=140852"}],"version-history":[{"count":0,"href":"https:\/\/linitiative.ca\/International\/wp-json\/wp\/v2\/posts\/140852\/revisions"}],"wp:attachment":[{"href":"https:\/\/linitiative.ca\/International\/wp-json\/wp\/v2\/media?parent=140852"}],"wp:term":[{"taxonomy":"category","embeddable":true,"href":"https:\/\/linitiative.ca\/International\/wp-json\/wp\/v2\/categories?post=140852"},{"taxonomy":"post_tag","embeddable":true,"href":"https:\/\/linitiative.ca\/International\/wp-json\/wp\/v2\/tags?post=140852"}],"curies":[{"name":"wp","href":"https:\/\/api.w.org\/{rel}","templated":true}]}}