{"id":140855,"date":"2022-02-14T17:01:53","date_gmt":"2022-02-14T22:01:53","guid":{"rendered":"https:\/\/linitiative.ca\/International\/la-turquie-change-officielle-de-nom\/"},"modified":"2022-02-14T17:01:53","modified_gmt":"2022-02-14T22:01:53","slug":"la-turquie-change-officielle-de-nom","status":"publish","type":"post","link":"https:\/\/linitiative.ca\/International\/la-turquie-change-officielle-de-nom\/","title":{"rendered":"La Turquie change officielle de nom"},"content":{"rendered":"<div>\n<p>La Turquie change, \u00e0 partie de ce lundi de nom, en langue anglaise. Le nom change dans son \u00e9criture comme dans sa prononciation. Il passe de \u00ab\u00a0Turkey\u00a0\u00bb \u00e0 \u00ab\u00a0Turkiye\u00a0\u00bb. Une d\u00e9cision annonc\u00e9e par Erdogan, depuis le mois de d\u00e9cembre dernier. Erdogan a d\u00e9clar\u00e9, alors, que la nouvelle prononciation du nom du pays, sera, ainsi plus [\u2026]<\/p>\n<p>L\u2019article <a href=\"https:\/\/www.tunisienumerique.com\/la-turquie-change-officielle-de-nom\/\">La Turquie change officielle de nom<\/a> est apparu en premier sur <a href=\"https:\/\/www.tunisienumerique.com\/\">Tunisie<\/a>.<\/p>\n<\/div>\n<p>Auteur: LM<br \/>\n<a href=\"https:\/\/www.tunisienumerique.com\/la-turquie-change-officielle-de-nom\/\">Cliquez ici pour lire l&rsquo;article depuis sa source.<\/a><\/p>\n","protected":false},"excerpt":{"rendered":"<p>La Turquie change, \u00e0 partie de ce lundi de nom, en langue anglaise. Le nom change dans son \u00e9criture comme dans sa prononciation. Il passe de \u00ab\u00a0Turkey\u00a0\u00bb \u00e0 \u00ab\u00a0Turkiye\u00a0\u00bb. Une d\u00e9cision annonc\u00e9e par Erdogan, depuis le mois de d\u00e9cembre dernier. Erdogan a d\u00e9clar\u00e9, alors, que la nouvelle prononciation du nom du pays, sera, ainsi plus [&hellip;]<\/p>\n","protected":false},"author":1789,"featured_media":0,"comment_status":"closed","ping_status":"closed","sticky":false,"template":"","format":"standard","meta":{"fifu_image_url":"","fifu_image_alt":"","footnotes":""},"categories":[73,55],"tags":[],"class_list":["post-140855","post","type-post","status-publish","format-standard","hentry","category-actualite","category-tunisie"],"_links":{"self":[{"href":"https:\/\/linitiative.ca\/International\/wp-json\/wp\/v2\/posts\/140855","targetHints":{"allow":["GET"]}}],"collection":[{"href":"https:\/\/linitiative.ca\/International\/wp-json\/wp\/v2\/posts"}],"about":[{"href":"https:\/\/linitiative.ca\/International\/wp-json\/wp\/v2\/types\/post"}],"author":[{"embeddable":true,"href":"https:\/\/linitiative.ca\/International\/wp-json\/wp\/v2\/users\/1789"}],"replies":[{"embeddable":true,"href":"https:\/\/linitiative.ca\/International\/wp-json\/wp\/v2\/comments?post=140855"}],"version-history":[{"count":0,"href":"https:\/\/linitiative.ca\/International\/wp-json\/wp\/v2\/posts\/140855\/revisions"}],"wp:attachment":[{"href":"https:\/\/linitiative.ca\/International\/wp-json\/wp\/v2\/media?parent=140855"}],"wp:term":[{"taxonomy":"category","embeddable":true,"href":"https:\/\/linitiative.ca\/International\/wp-json\/wp\/v2\/categories?post=140855"},{"taxonomy":"post_tag","embeddable":true,"href":"https:\/\/linitiative.ca\/International\/wp-json\/wp\/v2\/tags?post=140855"}],"curies":[{"name":"wp","href":"https:\/\/api.w.org\/{rel}","templated":true}]}}