{"id":140857,"date":"2022-02-14T17:08:01","date_gmt":"2022-02-14T22:08:01","guid":{"rendered":"https:\/\/linitiative.ca\/International\/tunisie-sur-decision-presidentielle-le-charge-de-la-direction-de-letablissement-de-la-radio-tunisienne-chokri-cheniti-demis-de-ses-fonctions\/"},"modified":"2022-02-14T17:08:01","modified_gmt":"2022-02-14T22:08:01","slug":"tunisie-sur-decision-presidentielle-le-charge-de-la-direction-de-letablissement-de-la-radio-tunisienne-chokri-cheniti-demis-de-ses-fonctions","status":"publish","type":"post","link":"https:\/\/linitiative.ca\/International\/tunisie-sur-decision-presidentielle-le-charge-de-la-direction-de-letablissement-de-la-radio-tunisienne-chokri-cheniti-demis-de-ses-fonctions\/","title":{"rendered":"Tunisie-Sur d\u00e9cision pr\u00e9sidentielle : Le charg\u00e9 de la direction de l\u2019Etablissement de la Radio Tunisienne Chokri Cheniti d\u00e9mis de ses fonctions"},"content":{"rendered":"<div>\n<p>Le Pr\u00e9sident de la R\u00e9publique, Kais Saied a d\u00e9cid\u00e9 aujourd\u2019hui, lundi 14 f\u00e9vrier 2022, de limoger le charg\u00e9 de la direction de l\u2019Etablissement de la Radio Tunisienne (ERT), Chokri Cheniti et d\u2019annuler toutes les d\u00e9cisions de d\u00e9signation et de nomination prises par ce dernier.<\/p>\n<p>L\u2019article <a href=\"https:\/\/www.tunisienumerique.com\/tunisie-sur-decision-presidentielle-le-charge-de-la-direction-de-letablissement-de-la-radio-tunisienne-chokri-cheniti-demis-de-ses-fonctions\/\">Tunisie-Sur d\u00e9cision pr\u00e9sidentielle : Le charg\u00e9 de la direction de l\u2019Etablissement de la Radio Tunisienne Chokri Cheniti d\u00e9mis de ses fonctions<\/a> est apparu en premier sur <a href=\"https:\/\/www.tunisienumerique.com\/\">Tunisie<\/a>.<\/p>\n<\/div>\n<p>Auteur: rania ben slimane<br \/>\n<a href=\"https:\/\/www.tunisienumerique.com\/tunisie-sur-decision-presidentielle-le-charge-de-la-direction-de-letablissement-de-la-radio-tunisienne-chokri-cheniti-demis-de-ses-fonctions\/\">Cliquez ici pour lire l&rsquo;article depuis sa source.<\/a><\/p>\n","protected":false},"excerpt":{"rendered":"<p>Le Pr\u00e9sident de la R\u00e9publique, Kais Saied a d\u00e9cid\u00e9 aujourd\u2019hui, lundi 14 f\u00e9vrier 2022, de limoger le charg\u00e9 de la direction de l\u2019Etablissement de la Radio Tunisienne (ERT), Chokri Cheniti et d\u2019annuler toutes les d\u00e9cisions de d\u00e9signation et de nomination prises par ce dernier. L\u2019article Tunisie-Sur d\u00e9cision pr\u00e9sidentielle : Le charg\u00e9 de la direction de [&hellip;]<\/p>\n","protected":false},"author":1789,"featured_media":0,"comment_status":"closed","ping_status":"closed","sticky":false,"template":"","format":"standard","meta":{"fifu_image_url":"","fifu_image_alt":"","footnotes":""},"categories":[73,55],"tags":[],"class_list":["post-140857","post","type-post","status-publish","format-standard","hentry","category-actualite","category-tunisie"],"_links":{"self":[{"href":"https:\/\/linitiative.ca\/International\/wp-json\/wp\/v2\/posts\/140857","targetHints":{"allow":["GET"]}}],"collection":[{"href":"https:\/\/linitiative.ca\/International\/wp-json\/wp\/v2\/posts"}],"about":[{"href":"https:\/\/linitiative.ca\/International\/wp-json\/wp\/v2\/types\/post"}],"author":[{"embeddable":true,"href":"https:\/\/linitiative.ca\/International\/wp-json\/wp\/v2\/users\/1789"}],"replies":[{"embeddable":true,"href":"https:\/\/linitiative.ca\/International\/wp-json\/wp\/v2\/comments?post=140857"}],"version-history":[{"count":0,"href":"https:\/\/linitiative.ca\/International\/wp-json\/wp\/v2\/posts\/140857\/revisions"}],"wp:attachment":[{"href":"https:\/\/linitiative.ca\/International\/wp-json\/wp\/v2\/media?parent=140857"}],"wp:term":[{"taxonomy":"category","embeddable":true,"href":"https:\/\/linitiative.ca\/International\/wp-json\/wp\/v2\/categories?post=140857"},{"taxonomy":"post_tag","embeddable":true,"href":"https:\/\/linitiative.ca\/International\/wp-json\/wp\/v2\/tags?post=140857"}],"curies":[{"name":"wp","href":"https:\/\/api.w.org\/{rel}","templated":true}]}}