{"id":140859,"date":"2022-02-14T14:41:33","date_gmt":"2022-02-14T19:41:33","guid":{"rendered":"https:\/\/linitiative.ca\/International\/mini-sommet-de-brazza-sur-les-coups-detat-et-linsecurite\/"},"modified":"2022-02-14T14:41:33","modified_gmt":"2022-02-14T19:41:33","slug":"mini-sommet-de-brazza-sur-les-coups-detat-et-linsecurite","status":"publish","type":"post","link":"https:\/\/linitiative.ca\/International\/mini-sommet-de-brazza-sur-les-coups-detat-et-linsecurite\/","title":{"rendered":"MINI-SOMMET DE BRAZZA SUR LES COUPS D\u2019ETAT ET L\u2019INSECURITE"},"content":{"rendered":"<div>\n<p><img decoding=\"async\" width=\"1137\" height=\"636\" src=\"https:\/\/linitiative.ca\/International\/wp-content\/uploads\/sites\/23\/2022\/02\/lepaysresponsive-8.png\" class=\"attachment- default-featured-img\" alt=\"\" loading=\"lazy\" srcset=\"https:\/\/linitiative.ca\/International\/wp-content\/uploads\/sites\/23\/2022\/02\/lepaysresponsive-8.png 1137w, https:\/\/lepays.bf\/wp-content\/uploads\/2017\/07\/lepaysresponsive-300x168.png 300w, https:\/\/lepays.bf\/wp-content\/uploads\/2017\/07\/lepaysresponsive-768x430.png 768w, https:\/\/lepays.bf\/wp-content\/uploads\/2017\/07\/lepaysresponsive-1024x573.png 1024w\" sizes=\"auto, (max-width: 1137px) 100vw, 1137px\">Quatre chefs d\u2019Etat dont trois de l\u2019Afrique centrale que sont Denis Sassou Nguesso du Congo-Brazza, Yoweri Museveni d\u2019Ouganda, F\u00e9lix Tshisekedi de la R\u00e9publique d\u00e9mocratique du Congo et Faure Gnassingb\u00e9 du Togo, ont, au terme d\u2019un mini-sommet tenu le 12 f\u00e9vrier dernier \u00e0 Oyo au Congo Brazzaville, r\u00e9affirm\u00e9 leur soutien \u00e0 la Communaut\u00e9 \u00e9conomique des Etats \u2026<\/p>\n<p>L\u2019article <a rel=\"nofollow\" href=\"https:\/\/lepays.bf\/mini-sommet-de-brazza-sur-les-coups-detat-et-linsecurite\/\">MINI-SOMMET DE BRAZZA SUR LES COUPS D\u2019ETAT ET L\u2019INSECURITE<\/a> est apparu en premier sur <a rel=\"nofollow\" href=\"https:\/\/lepays.bf\/\">Editions Le Pays<\/a>.<\/p>\n<\/div>\n<p>Auteur: Editions LEPAYS<br \/>\n<a href=\"https:\/\/lepays.bf\/mini-sommet-de-brazza-sur-les-coups-detat-et-linsecurite\/\">Cliquez ici pour lire l&rsquo;article depuis sa source.<\/a><\/p>\n","protected":false},"excerpt":{"rendered":"<p>Quatre chefs d\u2019Etat dont trois de l\u2019Afrique centrale que sont Denis Sassou Nguesso du Congo-Brazza, Yoweri Museveni d\u2019Ouganda, F\u00e9lix Tshisekedi de la R\u00e9publique d\u00e9mocratique du Congo et Faure Gnassingb\u00e9 du Togo, ont, au terme d\u2019un mini-sommet tenu le 12 f\u00e9vrier dernier \u00e0 Oyo au Congo Brazzaville, r\u00e9affirm\u00e9 leur soutien \u00e0 la Communaut\u00e9 \u00e9conomique des Etats [&hellip;]<\/p>\n","protected":false},"author":1813,"featured_media":0,"comment_status":"closed","ping_status":"closed","sticky":false,"template":"","format":"standard","meta":{"fifu_image_url":"https:\/\/lepays.bf\/wp-content\/uploads\/2017\/07\/lepaysresponsive.png","fifu_image_alt":"MINI-SOMMET DE BRAZZA SUR LES COUPS D\u2019ETAT ET L\u2019INSECURITE","footnotes":""},"categories":[73,81],"tags":[],"class_list":["post-140859","post","type-post","status-publish","format-standard","hentry","category-actualite","category-burkina-faso"],"_links":{"self":[{"href":"https:\/\/linitiative.ca\/International\/wp-json\/wp\/v2\/posts\/140859","targetHints":{"allow":["GET"]}}],"collection":[{"href":"https:\/\/linitiative.ca\/International\/wp-json\/wp\/v2\/posts"}],"about":[{"href":"https:\/\/linitiative.ca\/International\/wp-json\/wp\/v2\/types\/post"}],"author":[{"embeddable":true,"href":"https:\/\/linitiative.ca\/International\/wp-json\/wp\/v2\/users\/1813"}],"replies":[{"embeddable":true,"href":"https:\/\/linitiative.ca\/International\/wp-json\/wp\/v2\/comments?post=140859"}],"version-history":[{"count":0,"href":"https:\/\/linitiative.ca\/International\/wp-json\/wp\/v2\/posts\/140859\/revisions"}],"wp:attachment":[{"href":"https:\/\/linitiative.ca\/International\/wp-json\/wp\/v2\/media?parent=140859"}],"wp:term":[{"taxonomy":"category","embeddable":true,"href":"https:\/\/linitiative.ca\/International\/wp-json\/wp\/v2\/categories?post=140859"},{"taxonomy":"post_tag","embeddable":true,"href":"https:\/\/linitiative.ca\/International\/wp-json\/wp\/v2\/tags?post=140859"}],"curies":[{"name":"wp","href":"https:\/\/api.w.org\/{rel}","templated":true}]}}