{"id":140861,"date":"2022-02-14T14:45:56","date_gmt":"2022-02-14T19:45:56","guid":{"rendered":"https:\/\/linitiative.ca\/International\/prestation-de-serment-de-paul-henri-damiba\/"},"modified":"2022-02-14T14:45:56","modified_gmt":"2022-02-14T19:45:56","slug":"prestation-de-serment-de-paul-henri-damiba","status":"publish","type":"post","link":"https:\/\/linitiative.ca\/International\/prestation-de-serment-de-paul-henri-damiba\/","title":{"rendered":"PRESTATION DE SERMENT DE PAUL HENRI DAMIBA"},"content":{"rendered":"<div>\n<p><img decoding=\"async\" width=\"1137\" height=\"636\" src=\"https:\/\/linitiative.ca\/International\/wp-content\/uploads\/sites\/23\/2022\/02\/lepaysresponsive-9.png\" class=\"attachment- default-featured-img\" alt=\"\" loading=\"lazy\" srcset=\"https:\/\/linitiative.ca\/International\/wp-content\/uploads\/sites\/23\/2022\/02\/lepaysresponsive-9.png 1137w, https:\/\/lepays.bf\/wp-content\/uploads\/2017\/07\/lepaysresponsive-300x168.png 300w, https:\/\/lepays.bf\/wp-content\/uploads\/2017\/07\/lepaysresponsive-768x430.png 768w, https:\/\/lepays.bf\/wp-content\/uploads\/2017\/07\/lepaysresponsive-1024x573.png 1024w\" sizes=\"auto, (max-width: 1137px) 100vw, 1137px\">Comme le pr\u00e9voit la Constitution, le lieutenant-colonel Sandaogo Paul Henri Damiba pr\u00eatera serment devant le Conseil constitutionnel, demain, 16 f\u00e9vrier, comme pr\u00e9sident du Faso. La Constitution ayant \u00e9t\u00e9 r\u00e9tablie, il convient donc de respecter ses dispositions et la prestation de serment sera une cons\u00e9cration officielle et juridique de Paul Henri Damiba comme pr\u00e9sident du Faso. \u2026<\/p>\n<p>L\u2019article <a rel=\"nofollow\" href=\"https:\/\/lepays.bf\/prestation-de-serment-de-paul-henri-damiba\/\">PRESTATION DE SERMENT DE PAUL HENRI DAMIBA<\/a> est apparu en premier sur <a rel=\"nofollow\" href=\"https:\/\/lepays.bf\/\">Editions Le Pays<\/a>.<\/p>\n<\/div>\n<p>Auteur: Editions LEPAYS<br \/>\n<a href=\"https:\/\/lepays.bf\/prestation-de-serment-de-paul-henri-damiba\/\">Cliquez ici pour lire l&rsquo;article depuis sa source.<\/a><\/p>\n","protected":false},"excerpt":{"rendered":"<p>Comme le pr\u00e9voit la Constitution, le lieutenant-colonel Sandaogo Paul Henri Damiba pr\u00eatera serment devant le Conseil constitutionnel, demain, 16 f\u00e9vrier, comme pr\u00e9sident du Faso. La Constitution ayant \u00e9t\u00e9 r\u00e9tablie, il convient donc de respecter ses dispositions et la prestation de serment sera une cons\u00e9cration officielle et juridique de Paul Henri Damiba comme pr\u00e9sident du Faso. [&hellip;]<\/p>\n","protected":false},"author":1813,"featured_media":0,"comment_status":"closed","ping_status":"closed","sticky":false,"template":"","format":"standard","meta":{"fifu_image_url":"https:\/\/lepays.bf\/wp-content\/uploads\/2017\/07\/lepaysresponsive.png","fifu_image_alt":"PRESTATION DE SERMENT DE PAUL HENRI DAMIBA","footnotes":""},"categories":[73,81],"tags":[],"class_list":["post-140861","post","type-post","status-publish","format-standard","hentry","category-actualite","category-burkina-faso"],"_links":{"self":[{"href":"https:\/\/linitiative.ca\/International\/wp-json\/wp\/v2\/posts\/140861","targetHints":{"allow":["GET"]}}],"collection":[{"href":"https:\/\/linitiative.ca\/International\/wp-json\/wp\/v2\/posts"}],"about":[{"href":"https:\/\/linitiative.ca\/International\/wp-json\/wp\/v2\/types\/post"}],"author":[{"embeddable":true,"href":"https:\/\/linitiative.ca\/International\/wp-json\/wp\/v2\/users\/1813"}],"replies":[{"embeddable":true,"href":"https:\/\/linitiative.ca\/International\/wp-json\/wp\/v2\/comments?post=140861"}],"version-history":[{"count":0,"href":"https:\/\/linitiative.ca\/International\/wp-json\/wp\/v2\/posts\/140861\/revisions"}],"wp:attachment":[{"href":"https:\/\/linitiative.ca\/International\/wp-json\/wp\/v2\/media?parent=140861"}],"wp:term":[{"taxonomy":"category","embeddable":true,"href":"https:\/\/linitiative.ca\/International\/wp-json\/wp\/v2\/categories?post=140861"},{"taxonomy":"post_tag","embeddable":true,"href":"https:\/\/linitiative.ca\/International\/wp-json\/wp\/v2\/tags?post=140861"}],"curies":[{"name":"wp","href":"https:\/\/api.w.org\/{rel}","templated":true}]}}