{"id":140863,"date":"2022-02-13T18:01:01","date_gmt":"2022-02-13T23:01:01","guid":{"rendered":"https:\/\/linitiative.ca\/International\/soutien-au-mpsr-un-compte-special-cree-au-tresor-public\/"},"modified":"2022-02-13T18:01:01","modified_gmt":"2022-02-13T23:01:01","slug":"soutien-au-mpsr-un-compte-special-cree-au-tresor-public","status":"publish","type":"post","link":"https:\/\/linitiative.ca\/International\/soutien-au-mpsr-un-compte-special-cree-au-tresor-public\/","title":{"rendered":"Soutien au MPSR : un compte sp\u00e9cial cr\u00e9\u00e9 au Tr\u00e9sor public"},"content":{"rendered":"<div>\n<p>Des Burkinab\u00e8 ont souhait\u00e9 apporter leur soutien financier \u00e0 l\u2019\u0153uvre de refondation de la Nation burkinab\u00e8 port\u00e9e par le Mouvement patriotique pour la sauvegarde et la restauration (MPSR). Dans ce communiqu\u00e9, le Pr\u00e9sident du Faso, le lieutenant-colonel Paul-Henri Sandaogo, pr\u00e9sident du MPSR, les informe que pour des raisons de transparence, aucun soutien financier ne doit \u00eatre remis directement au MPSR. Un compte sp\u00e9cial h\u00e9berg\u00e9 au Tr\u00e9sor public a \u00e9t\u00e9 cr\u00e9\u00e9, a-t-il annonc\u00e9, pour recevoir les diff\u00e9rentes contributions. Ces fonds vont servir, selon le pr\u00e9sent communiqu\u00e9, au financement d\u2019actions humanitaires au profit des Personnes d\u00e9plac\u00e9es internes (PDI) et au soutien des op\u00e9rations de s\u00e9curisation du territoire national dans le strict respect des r\u00e8gles de gestion publique.<\/p>\n<p>Dans un \u00e9lan patriotique, de nombreux Burkinab\u00e8 ont manifest\u00e9 le d\u00e9sir d\u2019apporter un soutien financier \u00e0 l\u2019\u0153uvre de refondation de notre Nation port\u00e9e par le Mouvement Patriotique pour la Sauvegarde et la Restauration (MPSR). Le Pr\u00e9sident du MPSR, Pr\u00e9sident du Faso, Chef de l\u2019Etat, salue toutes ces initiatives. Cependant, il informe l\u2019opinion publique que pour des raisons de transparence, aucun soutien du genre ne peut \u00eatre remis directement au MPSR, \u00e0 un de ses membres ou \u00e0 toute autre personne. Un compte sp\u00e9cial domicili\u00e9 au Tr\u00e9sor public intitul\u00e9 \u00ab\u00a0Appui MPSR\u00a0\u00bb <strong>N\u00b044 35 90\u00a0001\u00a0562<\/strong> a \u00e9t\u00e9 cr\u00e9\u00e9 \u00e0 cet effet. Il pr\u00e9cise que les fonds qui seront d\u00e9pos\u00e9s dans ce compte contribueront au financement d\u2019actions humanitaires au profit des personnes d\u00e9plac\u00e9es internes et au soutien des op\u00e9rations de s\u00e9curisation du territoire national dans le strict respect des r\u00e8gles de gestion publique.<\/p>\n<p>La patrie ou la mort, nous vaincrons !<\/p>\n<p>Ouagadougou, le 12 f\u00e9vrier 2022.<\/p>\n<p style=\"text-align: right\"><strong> Lieutenent-colonel Paul-Henri Sandaogo DAMIBA<\/strong><\/p>\n<p>L\u2019article <a rel=\"nofollow\" href=\"https:\/\/www.sidwaya.info\/blog\/2022\/02\/13\/soutien-au-mpsr-un-compte-special-cree-au-tresor-public\/\">Soutien au MPSR : un compte sp\u00e9cial cr\u00e9\u00e9 au Tr\u00e9sor public<\/a> est apparu en premier sur <a rel=\"nofollow\" href=\"https:\/\/www.sidwaya.info\/\">Quotidien Sidwaya<\/a>.<\/p>\n<\/div>\n<p>Auteur: JK. Sidwaya<br \/>\n<a href=\"https:\/\/www.sidwaya.info\/blog\/2022\/02\/13\/soutien-au-mpsr-un-compte-special-cree-au-tresor-public\/?utm_source=rss&#038;utm_medium=rss&#038;utm_campaign=soutien-au-mpsr-un-compte-special-cree-au-tresor-public\">Cliquez ici pour lire l&rsquo;article depuis sa source.<\/a><\/p>\n","protected":false},"excerpt":{"rendered":"<p>Des Burkinab\u00e8 ont souhait\u00e9 apporter leur soutien financier \u00e0 l\u2019\u0153uvre de refondation de la Nation burkinab\u00e8 port\u00e9e par le Mouvement patriotique pour la sauvegarde et la restauration (MPSR). Dans ce communiqu\u00e9, le Pr\u00e9sident du Faso, le lieutenant-colonel Paul-Henri Sandaogo, pr\u00e9sident du MPSR, les informe que pour des raisons de transparence, aucun soutien financier ne doit [&hellip;]<\/p>\n","protected":false},"author":1816,"featured_media":0,"comment_status":"closed","ping_status":"closed","sticky":false,"template":"","format":"standard","meta":{"fifu_image_url":"","fifu_image_alt":"","footnotes":""},"categories":[73,81],"tags":[],"class_list":["post-140863","post","type-post","status-publish","format-standard","hentry","category-actualite","category-burkina-faso"],"_links":{"self":[{"href":"https:\/\/linitiative.ca\/International\/wp-json\/wp\/v2\/posts\/140863","targetHints":{"allow":["GET"]}}],"collection":[{"href":"https:\/\/linitiative.ca\/International\/wp-json\/wp\/v2\/posts"}],"about":[{"href":"https:\/\/linitiative.ca\/International\/wp-json\/wp\/v2\/types\/post"}],"author":[{"embeddable":true,"href":"https:\/\/linitiative.ca\/International\/wp-json\/wp\/v2\/users\/1816"}],"replies":[{"embeddable":true,"href":"https:\/\/linitiative.ca\/International\/wp-json\/wp\/v2\/comments?post=140863"}],"version-history":[{"count":0,"href":"https:\/\/linitiative.ca\/International\/wp-json\/wp\/v2\/posts\/140863\/revisions"}],"wp:attachment":[{"href":"https:\/\/linitiative.ca\/International\/wp-json\/wp\/v2\/media?parent=140863"}],"wp:term":[{"taxonomy":"category","embeddable":true,"href":"https:\/\/linitiative.ca\/International\/wp-json\/wp\/v2\/categories?post=140863"},{"taxonomy":"post_tag","embeddable":true,"href":"https:\/\/linitiative.ca\/International\/wp-json\/wp\/v2\/tags?post=140863"}],"curies":[{"name":"wp","href":"https:\/\/api.w.org\/{rel}","templated":true}]}}