{"id":140865,"date":"2022-02-14T08:05:47","date_gmt":"2022-02-14T13:05:47","guid":{"rendered":"https:\/\/linitiative.ca\/International\/mali-la-junte-propose-lexclusion-dassimi-goita-a-la-prochaine-election-presidentielle\/"},"modified":"2022-02-14T08:05:47","modified_gmt":"2022-02-14T13:05:47","slug":"mali-la-junte-propose-lexclusion-dassimi-goita-a-la-prochaine-election-presidentielle","status":"publish","type":"post","link":"https:\/\/linitiative.ca\/International\/mali-la-junte-propose-lexclusion-dassimi-goita-a-la-prochaine-election-presidentielle\/","title":{"rendered":"\u00a0Mali : La junte propose l\u2019exclusion d\u2019Assimi Go\u00efta \u00e0 la prochaine \u00e9lection pr\u00e9sidentielle"},"content":{"rendered":"<div>\n<p>Le pr\u00e9sident Assimi Go\u00efta ne pourrait pas \u00eatre candidat \u00e0 la prochaine \u00e9lection pr\u00e9sidentielle au Mali. C\u2019est ce que propose un projet de loi de la junte militaire publi\u00e9 le samedi dernier et repris par la chaine TV5.Pour certains experts, cette annonce des militaires maliens vise \u00a0\u00e0 rassurer \u00a0la CEDEAO et l\u2019Union europ\u00e9enne sur l\u2019engagement de la junte \u00e0 revenir dans un cadre constitutionnel normal, \u00e0 quelques jours du sommet UE-Afrique, pr\u00e9vu \u00e0 Bruxelles le 17 f\u00e9vrier 2022.<\/p>\n<p><strong>La R\u00e9daction<\/strong><\/p>\n<p>\u00a0<\/p>\n<p>L\u2019article <a rel=\"nofollow\" href=\"https:\/\/www.sidwaya.info\/blog\/2022\/02\/14\/mali-la-junte-propose-lexclusion-dassimi-goita-a-la-prochaine-election-presidentielle\/\">\u00a0Mali : La junte propose l\u2019exclusion d\u2019Assimi Go\u00efta \u00e0 la prochaine \u00e9lection pr\u00e9sidentielle<\/a> est apparu en premier sur <a rel=\"nofollow\" href=\"https:\/\/www.sidwaya.info\/\">Quotidien Sidwaya<\/a>.<\/p>\n<\/div>\n<p>Auteur: Wamini SIDWAYA<br \/>\n<a href=\"https:\/\/www.sidwaya.info\/blog\/2022\/02\/14\/mali-la-junte-propose-lexclusion-dassimi-goita-a-la-prochaine-election-presidentielle\/?utm_source=rss&#038;utm_medium=rss&#038;utm_campaign=mali-la-junte-propose-lexclusion-dassimi-goita-a-la-prochaine-election-presidentielle\">Cliquez ici pour lire l&rsquo;article depuis sa source.<\/a><\/p>\n","protected":false},"excerpt":{"rendered":"<p>Le pr\u00e9sident Assimi Go\u00efta ne pourrait pas \u00eatre candidat \u00e0 la prochaine \u00e9lection pr\u00e9sidentielle au Mali. C\u2019est ce que propose un projet de loi de la junte militaire publi\u00e9 le samedi dernier et repris par la chaine TV5.Pour certains experts, cette annonce des militaires maliens vise \u00a0\u00e0 rassurer \u00a0la CEDEAO et l\u2019Union europ\u00e9enne sur l\u2019engagement [&hellip;]<\/p>\n","protected":false},"author":1816,"featured_media":0,"comment_status":"closed","ping_status":"closed","sticky":false,"template":"","format":"standard","meta":{"fifu_image_url":"","fifu_image_alt":"","footnotes":""},"categories":[73,81],"tags":[],"class_list":["post-140865","post","type-post","status-publish","format-standard","hentry","category-actualite","category-burkina-faso"],"_links":{"self":[{"href":"https:\/\/linitiative.ca\/International\/wp-json\/wp\/v2\/posts\/140865","targetHints":{"allow":["GET"]}}],"collection":[{"href":"https:\/\/linitiative.ca\/International\/wp-json\/wp\/v2\/posts"}],"about":[{"href":"https:\/\/linitiative.ca\/International\/wp-json\/wp\/v2\/types\/post"}],"author":[{"embeddable":true,"href":"https:\/\/linitiative.ca\/International\/wp-json\/wp\/v2\/users\/1816"}],"replies":[{"embeddable":true,"href":"https:\/\/linitiative.ca\/International\/wp-json\/wp\/v2\/comments?post=140865"}],"version-history":[{"count":0,"href":"https:\/\/linitiative.ca\/International\/wp-json\/wp\/v2\/posts\/140865\/revisions"}],"wp:attachment":[{"href":"https:\/\/linitiative.ca\/International\/wp-json\/wp\/v2\/media?parent=140865"}],"wp:term":[{"taxonomy":"category","embeddable":true,"href":"https:\/\/linitiative.ca\/International\/wp-json\/wp\/v2\/categories?post=140865"},{"taxonomy":"post_tag","embeddable":true,"href":"https:\/\/linitiative.ca\/International\/wp-json\/wp\/v2\/tags?post=140865"}],"curies":[{"name":"wp","href":"https:\/\/api.w.org\/{rel}","templated":true}]}}