{"id":140866,"date":"2022-02-14T08:50:40","date_gmt":"2022-02-14T13:50:40","guid":{"rendered":"https:\/\/linitiative.ca\/International\/ioba-pole-batuor-soutient-les-eleves-du-lycee-departemental-de-niego\/"},"modified":"2022-02-14T08:50:40","modified_gmt":"2022-02-14T13:50:40","slug":"ioba-pole-batuor-soutient-les-eleves-du-lycee-departemental-de-niego","status":"publish","type":"post","link":"https:\/\/linitiative.ca\/International\/ioba-pole-batuor-soutient-les-eleves-du-lycee-departemental-de-niego\/","title":{"rendered":"Ioba\u00a0: Pol\u00e8 Batuor soutient les \u00e9l\u00e8ves du lyc\u00e9e d\u00e9partemental de Ni\u00e9go"},"content":{"rendered":"<div>\n<p><strong>L\u2019initiative Pol\u00e8 Batuor, en langue Dagara, ou <em>Convergence amicale des jeunes<\/em>, a offert aux \u00e9l\u00e8ves du Lyc\u00e9e d\u00e9partemental de Ni\u00e9go, province du Ioba, dans la r\u00e9gion du Sud-ouest, trois tableaux externes et 6 banquettes en b\u00e9ton. Ce don a eu lieu au cours d\u2019une c\u00e9r\u00e9monie organis\u00e9e le samedi 5 f\u00e9vrier dernier<\/strong>.<\/p>\n<p>Elle a \u00e9t\u00e9 pr\u00e9sid\u00e9e par monsieur Emmanuel Ou\u00e9draogo, pr\u00e9fet de Ni\u00e9go, pr\u00e9sident de la d\u00e9l\u00e9gation sp\u00e9ciale de ladite commune\u00a0; et sous le parrainage de Wilfried D. Som\u00e9, principal partenaire de la premi\u00e8re \u00e9dition des journ\u00e9es culturelles organinis\u00e9es par Pol\u00e8 Batuor en ao\u00fbt 2021.<\/p>\n<p>La c\u00e9r\u00e9monie de remise de ce don a aussi connu la pr\u00e9sence du proviseur du lyc\u00e9e b\u00e9n\u00e9ficiaire, du cur\u00e9 de la paroisse, et du chef coutumier du village de Ni\u00e9go. Autres pr\u00e9sences remarqu\u00e9es, celles du coordonnateur du Centre d\u2019Information et de Documentation Citoyennes (CIDOC), Augustin K. Som\u00e9 et d\u2019Anselme K. Som\u00e9, conseiller \u00e0 l\u2019UEMOA, et promoteur de la ferme 3K.<\/p>\n<p>Tous ces partenaires de l\u2019initiative Pol\u00e8 Batuor, se sont r\u00e9jouis de l\u2019importante mobilisation des \u00e9l\u00e8ves b\u00e9n\u00e9ficiaires du don.<\/p>\n<p>En plus de la remise des 03 tableaux externes et des 06 banquettes en b\u00e9ton d\u2019une valeur de 750 000F, Pol\u00e8 Batuor aaussi r\u00e9compens\u00e9 la meilleure \u00e9l\u00e8ve \u00e0 l\u2019examen du CEP 2021, Dabir\u00e9 Guilko Agatha, et la seule candidate admise au BAC 2021 au lyc\u00e9e d\u00e9partemental de Ni\u00e9go, PODA Angeline. Elles ont re\u00e7u chacune un v\u00e9lo et des fournitures scolaires d\u2019une valeur totale de 100 000F.<\/p>\n<p>Par ailleurs,\u00a0un prix sp\u00e9cial dit de la r\u00e9silience,un v\u00e9lo tr\u00e9pieds d\u2019une valeur de 120 000F,a \u00e9t\u00e9 remis \u00e0 un danseur handicap\u00e9 de la troupe de danse traditionnelle du village de Wi\u00e8kanal\u00e8 qui s\u2019est fait remarquer par sa belle prestation lors des premi\u00e8res journ\u00e9es culturelles de Pol\u00e8 Batuor.<\/p>\n<p><img decoding=\"async\" loading=\"lazy\" class=\"alignnone wp-image-45574 size-large\" src=\"https:\/\/linitiative.ca\/International\/wp-content\/uploads\/sites\/23\/2022\/02\/2-1-1024x768-1.jpeg\" alt=\"\" width=\"696\" height=\"522\" srcset=\"https:\/\/linitiative.ca\/International\/wp-content\/uploads\/sites\/23\/2022\/02\/2-1-1024x768-1.jpeg 1024w, https:\/\/www.sidwaya.info\/wp-content\/uploads\/2022\/02\/2-1-300x225.jpeg 300w, https:\/\/www.sidwaya.info\/wp-content\/uploads\/2022\/02\/2-1-768x576.jpeg 768w, https:\/\/www.sidwaya.info\/wp-content\/uploads\/2022\/02\/2-1-150x113.jpeg 150w, https:\/\/www.sidwaya.info\/wp-content\/uploads\/2022\/02\/2-1-696x522.jpeg 696w, https:\/\/www.sidwaya.info\/wp-content\/uploads\/2022\/02\/2-1-1068x801.jpeg 1068w, https:\/\/www.sidwaya.info\/wp-content\/uploads\/2022\/02\/2-1-560x420.jpeg 560w, https:\/\/www.sidwaya.info\/wp-content\/uploads\/2022\/02\/2-1-80x60.jpeg 80w, https:\/\/www.sidwaya.info\/wp-content\/uploads\/2022\/02\/2-1-265x198.jpeg 265w, https:\/\/www.sidwaya.info\/wp-content\/uploads\/2022\/02\/2-1.jpeg 1080w\" sizes=\"auto, (max-width: 696px) 100vw, 696px\">En rappel, l\u2019initiative Pol\u00e8 Batuor regroupe des jeunes des communes de Boura et Niabouri, province de la Sissili et de Ni\u00e9go et Ouessa, province du Ioba. Elle se veut \u00eatre un cadre d\u2019amiti\u00e9 et d\u2019actions citoyennes des jeunes de ces localit\u00e9s voisines.<\/p>\n<p>Ce soutien \u00e0 la scolarisation en milieu rural est la deuxi\u00e8me manifestation de Pol\u00e8 Batuor apr\u00e8s les journ\u00e9es culturelles d\u2019ao\u00fbt 2021, organis\u00e9es \u00e0 Ni\u00e9go. Elles avaient mis en comp\u00e9tition des troupes de danse traditionnelle venues des 04 communes<\/p>\n<p>Tout en renouvelant ses remerciements \u00e0 tous ces partenaires, notamment l\u2019association CIDOC, la ferme 3K, l\u2019entreprise Diane la brocanterie du Faso, Pol\u00e8 Batuor vous donne rendez-vous pour d\u2019autres actions citoyennes dans d\u2019autres communes de la localit\u00e9.<\/p>\n<p>\u00a0<\/p>\n<p style=\"text-align: right\"><strong>\u00a0 Dieudonn\u00e9 Poda,<\/strong><\/p>\n<p style=\"text-align: right\"><strong>Pr\u00e9sident du comit\u00e9 d\u2019organisation de Pol\u00e8 Batuor. <\/strong><\/p>\n<p style=\"text-align: right\"><strong>Email\u00a0: podadieudo@gmail.com<\/strong><\/p>\n<p>\u00a0<\/p>\n<p><strong>\u00a0<\/strong><\/p>\n<p>L\u2019article <a rel=\"nofollow\" href=\"https:\/\/www.sidwaya.info\/blog\/2022\/02\/14\/lycee-departemental-de-niego-ioba-pole-batuor-soutient-les-eleves\/\">Ioba\u00a0: Pol\u00e8 Batuor soutient les \u00e9l\u00e8ves du lyc\u00e9e d\u00e9partemental de Ni\u00e9go<\/a> est apparu en premier sur <a rel=\"nofollow\" href=\"https:\/\/www.sidwaya.info\/\">Quotidien Sidwaya<\/a>.<\/p>\n<\/div>\n<p>Auteur: BS. Sidwaya<br \/>\n<a href=\"https:\/\/www.sidwaya.info\/blog\/2022\/02\/14\/lycee-departemental-de-niego-ioba-pole-batuor-soutient-les-eleves\/?utm_source=rss&#038;utm_medium=rss&#038;utm_campaign=lycee-departemental-de-niego-ioba-pole-batuor-soutient-les-eleves\">Cliquez ici pour lire l&rsquo;article depuis sa source.<\/a><\/p>\n","protected":false},"excerpt":{"rendered":"<p>L\u2019initiative Pol\u00e8 Batuor, en langue Dagara, ou Convergence amicale des jeunes, a offert aux \u00e9l\u00e8ves du Lyc\u00e9e d\u00e9partemental de Ni\u00e9go, province du Ioba, dans la r\u00e9gion du Sud-ouest, trois tableaux externes et 6 banquettes en b\u00e9ton. Ce don a eu lieu au cours d\u2019une c\u00e9r\u00e9monie organis\u00e9e le samedi 5 f\u00e9vrier dernier. Elle a \u00e9t\u00e9 pr\u00e9sid\u00e9e [&hellip;]<\/p>\n","protected":false},"author":1816,"featured_media":0,"comment_status":"closed","ping_status":"closed","sticky":false,"template":"","format":"standard","meta":{"fifu_image_url":"https:\/\/www.sidwaya.info\/wp-content\/uploads\/2022\/02\/2-1-1024x768.jpeg","fifu_image_alt":"Ioba\u00a0: Pol\u00e8 Batuor soutient les \u00e9l\u00e8ves du lyc\u00e9e d\u00e9partemental de Ni\u00e9go","footnotes":""},"categories":[73,81],"tags":[],"class_list":["post-140866","post","type-post","status-publish","format-standard","hentry","category-actualite","category-burkina-faso"],"_links":{"self":[{"href":"https:\/\/linitiative.ca\/International\/wp-json\/wp\/v2\/posts\/140866","targetHints":{"allow":["GET"]}}],"collection":[{"href":"https:\/\/linitiative.ca\/International\/wp-json\/wp\/v2\/posts"}],"about":[{"href":"https:\/\/linitiative.ca\/International\/wp-json\/wp\/v2\/types\/post"}],"author":[{"embeddable":true,"href":"https:\/\/linitiative.ca\/International\/wp-json\/wp\/v2\/users\/1816"}],"replies":[{"embeddable":true,"href":"https:\/\/linitiative.ca\/International\/wp-json\/wp\/v2\/comments?post=140866"}],"version-history":[{"count":0,"href":"https:\/\/linitiative.ca\/International\/wp-json\/wp\/v2\/posts\/140866\/revisions"}],"wp:attachment":[{"href":"https:\/\/linitiative.ca\/International\/wp-json\/wp\/v2\/media?parent=140866"}],"wp:term":[{"taxonomy":"category","embeddable":true,"href":"https:\/\/linitiative.ca\/International\/wp-json\/wp\/v2\/categories?post=140866"},{"taxonomy":"post_tag","embeddable":true,"href":"https:\/\/linitiative.ca\/International\/wp-json\/wp\/v2\/tags?post=140866"}],"curies":[{"name":"wp","href":"https:\/\/api.w.org\/{rel}","templated":true}]}}