{"id":140868,"date":"2022-02-14T09:28:23","date_gmt":"2022-02-14T14:28:23","guid":{"rendered":"https:\/\/linitiative.ca\/International\/togo-bientot-une-conference-sur-les-transitions-politiques-et-le-terrorisme\/"},"modified":"2022-02-14T09:28:23","modified_gmt":"2022-02-14T14:28:23","slug":"togo-bientot-une-conference-sur-les-transitions-politiques-et-le-terrorisme","status":"publish","type":"post","link":"https:\/\/linitiative.ca\/International\/togo-bientot-une-conference-sur-les-transitions-politiques-et-le-terrorisme\/","title":{"rendered":"Togo\u00a0: Bient\u00f4t une conf\u00e9rence sur les transitions politiques et le terrorisme"},"content":{"rendered":"<div>\n<p>L\u2019Afrique, notamment dans sa partie Ouest, est secou\u00e9e par \u00a0des transitions politiques et des attaques terroristes. Ces turbulences pr\u00e9occupent le chef de l\u2019Etat togolais, Faure Essozimna Gnassingb\u00e9, qui \u00e0 travers son ministre des Affaires \u00e9trang\u00e8res, Robert Dussey, propose une \u201cConf\u00e9rence de haut niveau sur les transitions politiques et la lutte contre le terrorisme au Sahel et en Afrique de l\u2019Ouest\u2019\u2019. L\u2019initiative, pr\u00e9vue en avril prochain \u00e0 Lom\u00e9, a \u00e9t\u00e9 pr\u00e9sent\u00e9e \u00e0 New York au Secr\u00e9taire g\u00e9n\u00e9ral des Nations Unies, Antonio Guterres.<\/p>\n<p>Pour les autorit\u00e9s togolaises, l\u2019\u00e9v\u00e9nement doit \u00eatre l\u2019occasion pour les diff\u00e9rentes parties prenantes, d\u2019examiner les tendances et d\u00e9veloppements r\u00e9cents dans la r\u00e9gion du Sahel et les pays de l\u2019Afrique de l\u2019Ouest, en proie \u00e0 l\u2019extr\u00e9misme violent et au terrorisme, de r\u00e9fl\u00e9chir sur les strat\u00e9gies et moyens pouvant aider \u00e0 contenir la diss\u00e9mination de la menace terroriste, et de rester mobilis\u00e9s face \u00e0 ce p\u00e9ril, pendant et apr\u00e8s les transitions politiques.<\/p>\n<p>Ce sera \u00e9galement l\u2019opportunit\u00e9 de r\u00e9fl\u00e9chir sur les r\u00e9formes possibles sur les actions et mandats des op\u00e9rations de casques bleus, afin de mieux les adapter aux besoins r\u00e9els des populations et aux d\u00e9fis s\u00e9curitaires de la r\u00e9gion du Sahel.<\/p>\n<p>L\u2019article <a rel=\"nofollow\" href=\"https:\/\/www.sidwaya.info\/blog\/2022\/02\/14\/togo-bientot-une-conference-sur-les-transitions-politiques-et-le-terrorisme-2\/\">Togo\u00a0: Bient\u00f4t une conf\u00e9rence sur les transitions politiques et le terrorisme<\/a> est apparu en premier sur <a rel=\"nofollow\" href=\"https:\/\/www.sidwaya.info\/\">Quotidien Sidwaya<\/a>.<\/p>\n<\/div>\n<p>Auteur: BS. Sidwaya<br \/>\n<a href=\"https:\/\/www.sidwaya.info\/blog\/2022\/02\/14\/togo-bientot-une-conference-sur-les-transitions-politiques-et-le-terrorisme-2\/?utm_source=rss&#038;utm_medium=rss&#038;utm_campaign=togo-bientot-une-conference-sur-les-transitions-politiques-et-le-terrorisme-2\">Cliquez ici pour lire l&rsquo;article depuis sa source.<\/a><\/p>\n","protected":false},"excerpt":{"rendered":"<p>L\u2019Afrique, notamment dans sa partie Ouest, est secou\u00e9e par \u00a0des transitions politiques et des attaques terroristes. Ces turbulences pr\u00e9occupent le chef de l\u2019Etat togolais, Faure Essozimna Gnassingb\u00e9, qui \u00e0 travers son ministre des Affaires \u00e9trang\u00e8res, Robert Dussey, propose une \u201cConf\u00e9rence de haut niveau sur les transitions politiques et la lutte contre le terrorisme au Sahel [&hellip;]<\/p>\n","protected":false},"author":1816,"featured_media":0,"comment_status":"closed","ping_status":"closed","sticky":false,"template":"","format":"standard","meta":{"fifu_image_url":"","fifu_image_alt":"","footnotes":""},"categories":[73,81],"tags":[],"class_list":["post-140868","post","type-post","status-publish","format-standard","hentry","category-actualite","category-burkina-faso"],"_links":{"self":[{"href":"https:\/\/linitiative.ca\/International\/wp-json\/wp\/v2\/posts\/140868","targetHints":{"allow":["GET"]}}],"collection":[{"href":"https:\/\/linitiative.ca\/International\/wp-json\/wp\/v2\/posts"}],"about":[{"href":"https:\/\/linitiative.ca\/International\/wp-json\/wp\/v2\/types\/post"}],"author":[{"embeddable":true,"href":"https:\/\/linitiative.ca\/International\/wp-json\/wp\/v2\/users\/1816"}],"replies":[{"embeddable":true,"href":"https:\/\/linitiative.ca\/International\/wp-json\/wp\/v2\/comments?post=140868"}],"version-history":[{"count":0,"href":"https:\/\/linitiative.ca\/International\/wp-json\/wp\/v2\/posts\/140868\/revisions"}],"wp:attachment":[{"href":"https:\/\/linitiative.ca\/International\/wp-json\/wp\/v2\/media?parent=140868"}],"wp:term":[{"taxonomy":"category","embeddable":true,"href":"https:\/\/linitiative.ca\/International\/wp-json\/wp\/v2\/categories?post=140868"},{"taxonomy":"post_tag","embeddable":true,"href":"https:\/\/linitiative.ca\/International\/wp-json\/wp\/v2\/tags?post=140868"}],"curies":[{"name":"wp","href":"https:\/\/api.w.org\/{rel}","templated":true}]}}