{"id":140869,"date":"2022-02-14T14:18:03","date_gmt":"2022-02-14T19:18:03","guid":{"rendered":"https:\/\/linitiative.ca\/International\/senegal-larmee-prend-acte-de-la-liberation-de-ses-soldats\/"},"modified":"2022-02-14T14:18:03","modified_gmt":"2022-02-14T19:18:03","slug":"senegal-larmee-prend-acte-de-la-liberation-de-ses-soldats","status":"publish","type":"post","link":"https:\/\/linitiative.ca\/International\/senegal-larmee-prend-acte-de-la-liberation-de-ses-soldats\/","title":{"rendered":"S\u00e9n\u00e9gal : l\u2019Arm\u00e9e \u00ab prend acte \u00bb de la lib\u00e9ration de ses soldats"},"content":{"rendered":"<div>\n<p><img decoding=\"async\" width=\"1280\" height=\"702\" src=\"https:\/\/linitiative.ca\/International\/wp-content\/uploads\/sites\/23\/2022\/02\/16448662834728.jpg\" class=\"attachment-post-thumbnail size-post-thumbnail wp-post-image\" alt=\"\" loading=\"lazy\" srcset=\"https:\/\/linitiative.ca\/International\/wp-content\/uploads\/sites\/23\/2022\/02\/16448662834728.jpg 1280w, https:\/\/www.journalducameroun.com\/wp-content\/uploads\/2022\/02\/16448662834728-300x165.jpg 300w, https:\/\/www.journalducameroun.com\/wp-content\/uploads\/2022\/02\/16448662834728-1024x562.jpg 1024w, https:\/\/www.journalducameroun.com\/wp-content\/uploads\/2022\/02\/16448662834728-768x421.jpg 768w, https:\/\/www.journalducameroun.com\/wp-content\/uploads\/2022\/02\/16448662834728-802x440.jpg 802w, https:\/\/www.journalducameroun.com\/wp-content\/uploads\/2022\/02\/16448662834728-600x329.jpg 600w\" sizes=\"auto, (max-width: 1280px) 100vw, 1280px\"><\/p>\n<p>Le Mouvement des Forces D\u00e9mocratiques de Casamance (MFDC) a rel\u00e2ch\u00e9, ce lundi, les sept militaires qu&rsquo;il avait captur\u00e9s le 24 janvier dernier.\u00ab Ils se trouvent dans un bon \u00e9tat physique g\u00e9n\u00e9ral \u00bb, rassure un communiqu\u00e9 du colonel Alexis Gr\u00e9goire Vasse, Directeur de l&rsquo;information et des relations publiques des arm\u00e9es (Dirpa).<\/p>\n<p>La Grande Muette a par ailleurs salu\u00e9 \u00ab l&rsquo;\u00e9lan de solidarit\u00e9 patriotique et spontan\u00e9 \u00bb manifest\u00e9 par leurs concitoyens \u00e0 son \u00e9gard.<\/p>\n<p>En outre, l&rsquo;Arm\u00e9e s\u00e9n\u00e9galaise r\u00e9affirme que l&rsquo;attaque de son contingent, dans le cadre de la Mission ouest-africaine en Gambie (Ecomig), \u00ab s&rsquo;\u00e9tait bien d\u00e9roul\u00e9e en territoire gambien \u00bb, contrairement aux all\u00e9gations \u00ab propagandistes \u00bb du mouvement rebelle.<\/p>\n<p>Cet article <a rel=\"nofollow\" href=\"https:\/\/www.journalducameroun.com\/senegal-larmee-prend-acte-de-la-liberation-de-ses-soldats\/\">S\u00e9n\u00e9gal : l\u2019Arm\u00e9e \u00ab prend acte \u00bb de la lib\u00e9ration de ses soldats<\/a> est apparu en premier sur <a rel=\"nofollow\" href=\"https:\/\/www.journalducameroun.com\/\">Journal du Cameroun<\/a>.<\/p>\n<\/div>\n<p>Auteur: APA News<br \/>\n<a href=\"https:\/\/www.journalducameroun.com\/senegal-larmee-prend-acte-de-la-liberation-de-ses-soldats\/\">Cliquez ici pour lire l&rsquo;article depuis sa source.<\/a><\/p>\n","protected":false},"excerpt":{"rendered":"<p>Le Mouvement des Forces D\u00e9mocratiques de Casamance (MFDC) a rel\u00e2ch\u00e9, ce lundi, les sept militaires qu&rsquo;il avait captur\u00e9s le 24 janvier dernier.\u00ab Ils se trouvent dans un bon \u00e9tat physique g\u00e9n\u00e9ral \u00bb, rassure un communiqu\u00e9 du colonel Alexis Gr\u00e9goire Vasse, Directeur de l&rsquo;information et des relations publiques des arm\u00e9es (Dirpa). La Grande Muette a par [&hellip;]<\/p>\n","protected":false},"author":1965,"featured_media":0,"comment_status":"closed","ping_status":"closed","sticky":false,"template":"","format":"standard","meta":{"fifu_image_url":"https:\/\/www.journalducameroun.com\/wp-content\/uploads\/2022\/02\/16448662834728.jpg","fifu_image_alt":"S\u00e9n\u00e9gal : l\u2019Arm\u00e9e \u00ab prend acte \u00bb de la lib\u00e9ration de ses soldats","footnotes":""},"categories":[73,82],"tags":[],"class_list":["post-140869","post","type-post","status-publish","format-standard","hentry","category-actualite","category-cameroun"],"_links":{"self":[{"href":"https:\/\/linitiative.ca\/International\/wp-json\/wp\/v2\/posts\/140869","targetHints":{"allow":["GET"]}}],"collection":[{"href":"https:\/\/linitiative.ca\/International\/wp-json\/wp\/v2\/posts"}],"about":[{"href":"https:\/\/linitiative.ca\/International\/wp-json\/wp\/v2\/types\/post"}],"author":[{"embeddable":true,"href":"https:\/\/linitiative.ca\/International\/wp-json\/wp\/v2\/users\/1965"}],"replies":[{"embeddable":true,"href":"https:\/\/linitiative.ca\/International\/wp-json\/wp\/v2\/comments?post=140869"}],"version-history":[{"count":0,"href":"https:\/\/linitiative.ca\/International\/wp-json\/wp\/v2\/posts\/140869\/revisions"}],"wp:attachment":[{"href":"https:\/\/linitiative.ca\/International\/wp-json\/wp\/v2\/media?parent=140869"}],"wp:term":[{"taxonomy":"category","embeddable":true,"href":"https:\/\/linitiative.ca\/International\/wp-json\/wp\/v2\/categories?post=140869"},{"taxonomy":"post_tag","embeddable":true,"href":"https:\/\/linitiative.ca\/International\/wp-json\/wp\/v2\/tags?post=140869"}],"curies":[{"name":"wp","href":"https:\/\/api.w.org\/{rel}","templated":true}]}}