{"id":140871,"date":"2022-02-14T15:18:03","date_gmt":"2022-02-14T20:18:03","guid":{"rendered":"https:\/\/linitiative.ca\/International\/crise-en-ukraine-air-arabia-prevoit-un-vol-pour-les-ressortissants-marocains\/"},"modified":"2022-02-14T15:18:03","modified_gmt":"2022-02-14T20:18:03","slug":"crise-en-ukraine-air-arabia-prevoit-un-vol-pour-les-ressortissants-marocains","status":"publish","type":"post","link":"https:\/\/linitiative.ca\/International\/crise-en-ukraine-air-arabia-prevoit-un-vol-pour-les-ressortissants-marocains\/","title":{"rendered":"Crise en Ukraine: Air Arabia pr\u00e9voit un vol pour les ressortissants marocains"},"content":{"rendered":"<div>\n<p><img decoding=\"async\" width=\"700\" height=\"425\" src=\"https:\/\/linitiative.ca\/International\/wp-content\/uploads\/sites\/23\/2022\/02\/16448698835744.jpg\" class=\"attachment-post-thumbnail size-post-thumbnail wp-post-image\" alt=\"\" loading=\"lazy\" srcset=\"https:\/\/linitiative.ca\/International\/wp-content\/uploads\/sites\/23\/2022\/02\/16448698835744.jpg 700w, https:\/\/www.journalducameroun.com\/wp-content\/uploads\/2022\/02\/16448698835744-300x182.jpg 300w, https:\/\/www.journalducameroun.com\/wp-content\/uploads\/2022\/02\/16448698835744-600x364.jpg 600w\" sizes=\"auto, (max-width: 700px) 100vw, 700px\"><\/p>\n<p>La compagnie a\u00e9rienne Air Arabia a annonc\u00e9 lundi l&rsquo;organisation d&rsquo;un vol pour les ressortissants marocains en Ukraine. Le vol reliera Kiev \u00e0 Tanger le 15 f\u00e9vrier.Dans un tweet publi\u00e9 ce lundi, Air Arabia a annonc\u00e9 qu&rsquo;un vol serait assur\u00e9 pour les Marocains pr\u00e9sents en Ukraine. Le vol liera Kiev \u00e0 Tanger ce mardi 15 f\u00e9vrier, avec un d\u00e9part pr\u00e9vu \u00e0 5h10 depuis l&rsquo;a\u00e9roport de Kiev. Le co\u00fbt du voyage varie entre 4.111 et 4.671 dirhams (1 euro = 10,5 DH) en classe \u00e9conomique.<\/p>\n<p>Sur les 75.000 \u00e9tudiants \u00e9trangers en Ukraine, le nombre des Marocains avoisine les 8.000. Ils repr\u00e9sentent la deuxi\u00e8me communaut\u00e9 estudiantine \u00e9trang\u00e8re et la premi\u00e8re communaut\u00e9 provenant d&rsquo;Afrique et du monde arabe.<\/p>\n<p>Pour rappel, le Maroc a appel\u00e9, samedi, ses ressortissants \u00e0 quitter le territoire, sur fonds d&rsquo;escalade des tensions russo-ukrainiennes.<\/p>\n<p>Washington a r\u00e9cemment affirm\u00e9 qu&rsquo;une invasion russe de l&rsquo;Ukraine pourrait avoir lieu d\u00e8s \u00ab\u00a0les prochains jours\u00a0\u00bb, accusation qualifi\u00e9e de \u00ab\u00a0provocatrice\u00a0\u00bb et \u00ab\u00a0d&rsquo;hyst\u00e9rique\u00a0\u00bb par Moscou.<\/p>\n<p>Samedi, le pr\u00e9sident am\u00e9ricain a averti son homologue russe des r\u00e9percussions \u00ab\u00a0s\u00e9v\u00e8res et rapides\u00a0\u00bb que subirait Moscou en cas d&rsquo;attaque de l&rsquo;Ukraine.<\/p>\n<p>Cet article <a rel=\"nofollow\" href=\"https:\/\/www.journalducameroun.com\/crise-en-ukraine-air-arabia-prevoit-un-vol-pour-les-ressortissants-marocains\/\">Crise en Ukraine: Air Arabia pr\u00e9voit un vol pour les ressortissants marocains<\/a> est apparu en premier sur <a rel=\"nofollow\" href=\"https:\/\/www.journalducameroun.com\/\">Journal du Cameroun<\/a>.<\/p>\n<\/div>\n<p>Auteur: APA News<br \/>\n<a href=\"https:\/\/www.journalducameroun.com\/crise-en-ukraine-air-arabia-prevoit-un-vol-pour-les-ressortissants-marocains\/\">Cliquez ici pour lire l&rsquo;article depuis sa source.<\/a><\/p>\n","protected":false},"excerpt":{"rendered":"<p>La compagnie a\u00e9rienne Air Arabia a annonc\u00e9 lundi l&rsquo;organisation d&rsquo;un vol pour les ressortissants marocains en Ukraine. Le vol reliera Kiev \u00e0 Tanger le 15 f\u00e9vrier.Dans un tweet publi\u00e9 ce lundi, Air Arabia a annonc\u00e9 qu&rsquo;un vol serait assur\u00e9 pour les Marocains pr\u00e9sents en Ukraine. Le vol liera Kiev \u00e0 Tanger ce mardi 15 f\u00e9vrier, [&hellip;]<\/p>\n","protected":false},"author":1965,"featured_media":0,"comment_status":"closed","ping_status":"closed","sticky":false,"template":"","format":"standard","meta":{"fifu_image_url":"https:\/\/www.journalducameroun.com\/wp-content\/uploads\/2022\/02\/16448698835744.jpg","fifu_image_alt":"Crise en Ukraine: Air Arabia pr\u00e9voit un vol pour les ressortissants marocains","footnotes":""},"categories":[73,82],"tags":[],"class_list":["post-140871","post","type-post","status-publish","format-standard","hentry","category-actualite","category-cameroun"],"_links":{"self":[{"href":"https:\/\/linitiative.ca\/International\/wp-json\/wp\/v2\/posts\/140871","targetHints":{"allow":["GET"]}}],"collection":[{"href":"https:\/\/linitiative.ca\/International\/wp-json\/wp\/v2\/posts"}],"about":[{"href":"https:\/\/linitiative.ca\/International\/wp-json\/wp\/v2\/types\/post"}],"author":[{"embeddable":true,"href":"https:\/\/linitiative.ca\/International\/wp-json\/wp\/v2\/users\/1965"}],"replies":[{"embeddable":true,"href":"https:\/\/linitiative.ca\/International\/wp-json\/wp\/v2\/comments?post=140871"}],"version-history":[{"count":0,"href":"https:\/\/linitiative.ca\/International\/wp-json\/wp\/v2\/posts\/140871\/revisions"}],"wp:attachment":[{"href":"https:\/\/linitiative.ca\/International\/wp-json\/wp\/v2\/media?parent=140871"}],"wp:term":[{"taxonomy":"category","embeddable":true,"href":"https:\/\/linitiative.ca\/International\/wp-json\/wp\/v2\/categories?post=140871"},{"taxonomy":"post_tag","embeddable":true,"href":"https:\/\/linitiative.ca\/International\/wp-json\/wp\/v2\/tags?post=140871"}],"curies":[{"name":"wp","href":"https:\/\/api.w.org\/{rel}","templated":true}]}}