{"id":140873,"date":"2022-02-14T15:18:03","date_gmt":"2022-02-14T20:18:03","guid":{"rendered":"https:\/\/linitiative.ca\/International\/le-patronat-appelle-a-donner-un-nouveau-a-laccord-dassociation-maroc-ue\/"},"modified":"2022-02-14T15:18:03","modified_gmt":"2022-02-14T20:18:03","slug":"le-patronat-appelle-a-donner-un-nouveau-a-laccord-dassociation-maroc-ue","status":"publish","type":"post","link":"https:\/\/linitiative.ca\/International\/le-patronat-appelle-a-donner-un-nouveau-a-laccord-dassociation-maroc-ue\/","title":{"rendered":"Le patronat appelle \u00e0 donner un nouveau \u00e0 l\u2019accord d\u2019association Maroc-UE"},"content":{"rendered":"<div>\n<p><img decoding=\"async\" width=\"274\" height=\"184\" src=\"https:\/\/linitiative.ca\/International\/wp-content\/uploads\/sites\/23\/2022\/02\/16448698844221.jpg\" class=\"attachment-post-thumbnail size-post-thumbnail wp-post-image\" alt=\"\" loading=\"lazy\"><\/p>\n<p>\u00ab\u00a0Il est n\u00e9cessaire de donner un nouveau souffle \u00e0 l&rsquo;accord commercial et d&rsquo;investissement Maroc-UE, adopt\u00e9 en 1996, afin qu&rsquo;il puisse refl\u00e9ter la nouvelle r\u00e9alit\u00e9\u00a0\u00bb, a de nouveau insist\u00e9 le pr\u00e9sident de la Conf\u00e9d\u00e9ration g\u00e9n\u00e9rale des entreprises du Maroc, Chakib Alj.Chakil Alj s&rsquo;exprimait lors d&rsquo;une rencontre organis\u00e9e avec BusinessEurope ce lundi sur la modernisation de l&rsquo;accord d&rsquo;association Maroc-UE.<\/p>\n<p>Cit\u00e9 dans dans un communiqu\u00e9 du patronat, Chakib Alj a affirm\u00e9 que \u00ab\u00a0la modernisation de l&rsquo;Accord d&rsquo;Association Maroc-UE offre un \u00e9norme potentiel et peut \u00eatre un mod\u00e8le pour une relation UE-Afrique plus forte. Le temps est \u00e0 l&rsquo;action\u00a0\u00bb.<\/p>\n<p>M\u00eame son de cloche aupr\u00e8s du pr\u00e9sident de BusinessEurope, Pierre GATTAZ, qui a soulign\u00e9 que \u00ab\u00a0le monde a chang\u00e9 depuis l&rsquo;entr\u00e9e en vigueur de l&rsquo;Accord d&rsquo;Association UE-Maroc\u00a0\u00bb. D&rsquo;o\u00f9 la n\u00e9cessit\u00e9, dit-il, d&rsquo;adapter ce cadre aux r\u00e9alit\u00e9s commerciales du 21\u00e8me si\u00e8cle et aux besoins des entreprises dans des domaines importants comme l&rsquo;\u00e9conomie digitale.\u00a0<\/p>\n<p>\u00ab\u00a0Pour favoriser l&rsquo;int\u00e9gration de nos cha\u00eenes de valeur, nous devons combler les barri\u00e8res non-tarifaires et faciliter les investissements \u00e9trangers et le commerce de services notamment. Cela sera encore plus important dans un contexte o\u00f9 beaucoup d&rsquo;entreprises europ\u00e9ennes cherchent \u00e0 diversifier leurs sources d&rsquo;approvisionnement\u00a0\u00bb, a-t-dit.<\/p>\n<p>Lors de leurs interventions, les pan\u00e9listes ont pr\u00e9sent\u00e9 les avantages qu&rsquo;offrerait la modernisation de l&rsquo;Accord d&rsquo;Association Maroc-UE pour les entreprises des deux continents, notamment en termes d&rsquo;int\u00e9gration des cha\u00eenes de valeur, particuli\u00e8rement \u00e0 la lumi\u00e8re de l&rsquo;entr\u00e9e en vigueur de la Zone de Libre-\u00c9change Continentale Africaine (Zlecaf).<\/p>\n<p>Cette derni\u00e8re donnera acc\u00e8s \u00e0 un march\u00e9 de 1,2 milliard de consommateurs et permettra de stimuler l&rsquo;investissement et de cr\u00e9er de la valeur ajout\u00e9e et de l&#8217;emploi vers une croissance socio-\u00e9conomique durable du continent africain.<\/p>\n<p>Pour rappel, la CGEM et BusinessEurope avaient adopt\u00e9, le 21 septembre 2021, une d\u00e9claration conjointe, qui pr\u00f4ne une modernisation du cadre des relations commerciales et d&rsquo;investissement Maroc-UE, attendue depuis longtemps par les deux communaut\u00e9s des affaires. \u00ab\u00a0Cette modernisation devra lib\u00e9rer le potentiel \u00e9conomique inexploit\u00e9 du partenariat pr\u00e9cit\u00e9 afin de soutenir une reprise \u00e9conomique post-pand\u00e9mique effective et durable et de saisir les opportunit\u00e9s li\u00e9es, notamment aux cha\u00eenes d&rsquo;approvisionnement, \u00e0 la durabilit\u00e9 ou encore au num\u00e9rique\u00a0\u00bb, conclut le patronat.\u00a0<\/p>\n<p>Cet article <a rel=\"nofollow\" href=\"https:\/\/www.journalducameroun.com\/le-patronat-appelle-a-donner-un-nouveau-a-laccord-dassociation-maroc-ue\/\">Le patronat appelle \u00e0 donner un nouveau \u00e0 l\u2019accord d\u2019association Maroc-UE<\/a> est apparu en premier sur <a rel=\"nofollow\" href=\"https:\/\/www.journalducameroun.com\/\">Journal du Cameroun<\/a>.<\/p>\n<\/div>\n<p>Auteur: APA News<br \/>\n<a href=\"https:\/\/www.journalducameroun.com\/le-patronat-appelle-a-donner-un-nouveau-a-laccord-dassociation-maroc-ue\/\">Cliquez ici pour lire l&rsquo;article depuis sa source.<\/a><\/p>\n","protected":false},"excerpt":{"rendered":"<p>\u00ab\u00a0Il est n\u00e9cessaire de donner un nouveau souffle \u00e0 l&rsquo;accord commercial et d&rsquo;investissement Maroc-UE, adopt\u00e9 en 1996, afin qu&rsquo;il puisse refl\u00e9ter la nouvelle r\u00e9alit\u00e9\u00a0\u00bb, a de nouveau insist\u00e9 le pr\u00e9sident de la Conf\u00e9d\u00e9ration g\u00e9n\u00e9rale des entreprises du Maroc, Chakib Alj.Chakil Alj s&rsquo;exprimait lors d&rsquo;une rencontre organis\u00e9e avec BusinessEurope ce lundi sur la modernisation de l&rsquo;accord [&hellip;]<\/p>\n","protected":false},"author":1965,"featured_media":0,"comment_status":"closed","ping_status":"closed","sticky":false,"template":"","format":"standard","meta":{"fifu_image_url":"https:\/\/www.journalducameroun.com\/wp-content\/uploads\/2022\/02\/16448698844221.jpg","fifu_image_alt":"Le patronat appelle \u00e0 donner un nouveau \u00e0 l\u2019accord d\u2019association Maroc-UE","footnotes":""},"categories":[73,82],"tags":[],"class_list":["post-140873","post","type-post","status-publish","format-standard","hentry","category-actualite","category-cameroun"],"_links":{"self":[{"href":"https:\/\/linitiative.ca\/International\/wp-json\/wp\/v2\/posts\/140873","targetHints":{"allow":["GET"]}}],"collection":[{"href":"https:\/\/linitiative.ca\/International\/wp-json\/wp\/v2\/posts"}],"about":[{"href":"https:\/\/linitiative.ca\/International\/wp-json\/wp\/v2\/types\/post"}],"author":[{"embeddable":true,"href":"https:\/\/linitiative.ca\/International\/wp-json\/wp\/v2\/users\/1965"}],"replies":[{"embeddable":true,"href":"https:\/\/linitiative.ca\/International\/wp-json\/wp\/v2\/comments?post=140873"}],"version-history":[{"count":0,"href":"https:\/\/linitiative.ca\/International\/wp-json\/wp\/v2\/posts\/140873\/revisions"}],"wp:attachment":[{"href":"https:\/\/linitiative.ca\/International\/wp-json\/wp\/v2\/media?parent=140873"}],"wp:term":[{"taxonomy":"category","embeddable":true,"href":"https:\/\/linitiative.ca\/International\/wp-json\/wp\/v2\/categories?post=140873"},{"taxonomy":"post_tag","embeddable":true,"href":"https:\/\/linitiative.ca\/International\/wp-json\/wp\/v2\/tags?post=140873"}],"curies":[{"name":"wp","href":"https:\/\/api.w.org\/{rel}","templated":true}]}}