{"id":140875,"date":"2022-02-14T15:18:04","date_gmt":"2022-02-14T20:18:04","guid":{"rendered":"https:\/\/linitiative.ca\/International\/burkina-le-sort-de-kamou-malo-divise-le-milieu-du-foot\/"},"modified":"2022-02-14T15:18:04","modified_gmt":"2022-02-14T20:18:04","slug":"burkina-le-sort-de-kamou-malo-divise-le-milieu-du-foot","status":"publish","type":"post","link":"https:\/\/linitiative.ca\/International\/burkina-le-sort-de-kamou-malo-divise-le-milieu-du-foot\/","title":{"rendered":"Burkina : le sort de Kamou Malo divise le milieu du foot"},"content":{"rendered":"<div>\n<p><img decoding=\"async\" width=\"1280\" height=\"720\" src=\"https:\/\/linitiative.ca\/International\/wp-content\/uploads\/sites\/23\/2022\/02\/16448698847780.jpg\" class=\"attachment-post-thumbnail size-post-thumbnail wp-post-image\" alt=\"\" loading=\"lazy\" srcset=\"https:\/\/linitiative.ca\/International\/wp-content\/uploads\/sites\/23\/2022\/02\/16448698847780.jpg 1280w, https:\/\/www.journalducameroun.com\/wp-content\/uploads\/2022\/02\/16448698847780-300x169.jpg 300w, https:\/\/www.journalducameroun.com\/wp-content\/uploads\/2022\/02\/16448698847780-1024x576.jpg 1024w, https:\/\/www.journalducameroun.com\/wp-content\/uploads\/2022\/02\/16448698847780-768x432.jpg 768w, https:\/\/www.journalducameroun.com\/wp-content\/uploads\/2022\/02\/16448698847780-780x440.jpg 780w, https:\/\/www.journalducameroun.com\/wp-content\/uploads\/2022\/02\/16448698847780-380x215.jpg 380w, https:\/\/www.journalducameroun.com\/wp-content\/uploads\/2022\/02\/16448698847780-160x90.jpg 160w, https:\/\/www.journalducameroun.com\/wp-content\/uploads\/2022\/02\/16448698847780-240x135.jpg 240w, https:\/\/www.journalducameroun.com\/wp-content\/uploads\/2022\/02\/16448698847780-782x440.jpg 782w, https:\/\/www.journalducameroun.com\/wp-content\/uploads\/2022\/02\/16448698847780-600x338.jpg 600w\" sizes=\"auto, (max-width: 1280px) 100vw, 1280px\"><\/p>\n<p>Le pr\u00e9sident de la F\u00e9d\u00e9ration Burkinab\u00e8 de Football (FBF) n&rsquo;envisage pas de renouveler le contrat du s\u00e9lectionneur de l&rsquo;\u00e9quipe nationale masculine qui expire le 28 f\u00e9vrier prochain.Dissonance \u00e0 la F\u00e9d\u00e9ration Burkinab\u00e8 de Football (FBF). Dans un communiqu\u00e9 dat\u00e9 du 12 f\u00e9vrier 2022, l&rsquo;instance fa\u00eeti\u00e8re a annonc\u00e9 que les contrats du coach Kamou Malo, de ses adjoints Firmin Sanou et Alain Ablassey Nana, et de l&rsquo;entra\u00eeneur des gardiens de but Sa Brama Traor\u00e9 ne seront pas prolong\u00e9s.<\/p>\n<p>Au cours d&rsquo;une rencontre tenue le m\u00eame jour, Lazare Banss\u00e9, le pr\u00e9sident de la FBF, a n\u00e9anmoins \u00ab salu\u00e9 le travail \u00bb de ce staff technique. Nomm\u00e9 en juillet 2019, Kamou Malo n&rsquo;a perdu que deux rencontres officielles.<\/p>\n<p>Sous sa f\u00e9rule, les \u00c9talons\u00a0ont rat\u00e9 de peu les barrages de la Coupe du monde 2022 et atteint les demi-finales de la Coupe d&rsquo;Afrique des nations 2021. Oppos\u00e9 au Cameroun pour la petite finale, le Burkina s&rsquo;est inclin\u00e9 aux tirs au but apr\u00e8s avoir men\u00e9 trois \u00e0 z\u00e9ro au terme de la premi\u00e8re p\u00e9riode.<\/p>\n<p>Ce beau parcours, avec une \u00e9quipe en reconstruction, a \u00e9t\u00e9 sanctionn\u00e9 d&rsquo;un match amical contre la Belgique le 29 mars 2022. Compte tenu de tous ces \u00e9l\u00e9ments, des membres de la FBF se d\u00e9marquent et demandent la convocation d&rsquo;une r\u00e9union du Comit\u00e9 ex\u00e9cutif pour \u00ab statuer sur toutes les pr\u00e9occupations actuelles du foot (burkinab\u00e8) et faire le bilan de la Can 2021 \u00bb.<\/p>\n<p>Dans une lettre adress\u00e9e ce 14 f\u00e9vrier 2022 au pr\u00e9sident de la FBF, le Comit\u00e9 ex\u00e9cutif dans lequel si\u00e8ge notamment l&rsquo;ancien international Alain Traor\u00e9, grand-fr\u00e8re de Bertrand, le capitaine des \u00c9talons, a fustig\u00e9 \u00ab les d\u00e9cisions unilat\u00e9rales \u00bb et sans \u00ab fondement juridique \u00bb de Lazare Banss\u00e9 \u00e0 qui on reproche une \u00ab gouvernance personnalis\u00e9e \u00bb.<\/p>\n<p>Cet article <a rel=\"nofollow\" href=\"https:\/\/www.journalducameroun.com\/burkina-le-sort-de-kamou-malo-divise-le-milieu-du-foot\/\">Burkina : le sort de Kamou Malo divise le milieu du foot<\/a> est apparu en premier sur <a rel=\"nofollow\" href=\"https:\/\/www.journalducameroun.com\/\">Journal du Cameroun<\/a>.<\/p>\n<\/div>\n<p>Auteur: APA News<br \/>\n<a href=\"https:\/\/www.journalducameroun.com\/burkina-le-sort-de-kamou-malo-divise-le-milieu-du-foot\/\">Cliquez ici pour lire l&rsquo;article depuis sa source.<\/a><\/p>\n","protected":false},"excerpt":{"rendered":"<p>Le pr\u00e9sident de la F\u00e9d\u00e9ration Burkinab\u00e8 de Football (FBF) n&rsquo;envisage pas de renouveler le contrat du s\u00e9lectionneur de l&rsquo;\u00e9quipe nationale masculine qui expire le 28 f\u00e9vrier prochain.Dissonance \u00e0 la F\u00e9d\u00e9ration Burkinab\u00e8 de Football (FBF). Dans un communiqu\u00e9 dat\u00e9 du 12 f\u00e9vrier 2022, l&rsquo;instance fa\u00eeti\u00e8re a annonc\u00e9 que les contrats du coach Kamou Malo, de ses [&hellip;]<\/p>\n","protected":false},"author":1965,"featured_media":0,"comment_status":"closed","ping_status":"closed","sticky":false,"template":"","format":"standard","meta":{"fifu_image_url":"https:\/\/www.journalducameroun.com\/wp-content\/uploads\/2022\/02\/16448698847780.jpg","fifu_image_alt":"Burkina : le sort de Kamou Malo divise le milieu du foot","footnotes":""},"categories":[73,82],"tags":[],"class_list":["post-140875","post","type-post","status-publish","format-standard","hentry","category-actualite","category-cameroun"],"_links":{"self":[{"href":"https:\/\/linitiative.ca\/International\/wp-json\/wp\/v2\/posts\/140875","targetHints":{"allow":["GET"]}}],"collection":[{"href":"https:\/\/linitiative.ca\/International\/wp-json\/wp\/v2\/posts"}],"about":[{"href":"https:\/\/linitiative.ca\/International\/wp-json\/wp\/v2\/types\/post"}],"author":[{"embeddable":true,"href":"https:\/\/linitiative.ca\/International\/wp-json\/wp\/v2\/users\/1965"}],"replies":[{"embeddable":true,"href":"https:\/\/linitiative.ca\/International\/wp-json\/wp\/v2\/comments?post=140875"}],"version-history":[{"count":0,"href":"https:\/\/linitiative.ca\/International\/wp-json\/wp\/v2\/posts\/140875\/revisions"}],"wp:attachment":[{"href":"https:\/\/linitiative.ca\/International\/wp-json\/wp\/v2\/media?parent=140875"}],"wp:term":[{"taxonomy":"category","embeddable":true,"href":"https:\/\/linitiative.ca\/International\/wp-json\/wp\/v2\/categories?post=140875"},{"taxonomy":"post_tag","embeddable":true,"href":"https:\/\/linitiative.ca\/International\/wp-json\/wp\/v2\/tags?post=140875"}],"curies":[{"name":"wp","href":"https:\/\/api.w.org\/{rel}","templated":true}]}}