{"id":140877,"date":"2022-02-14T17:18:03","date_gmt":"2022-02-14T22:18:03","guid":{"rendered":"https:\/\/linitiative.ca\/International\/cote-divoire-leau-potable-a-nouveau-disponible-a-bouafle\/"},"modified":"2022-02-14T17:18:03","modified_gmt":"2022-02-14T22:18:03","slug":"cote-divoire-leau-potable-a-nouveau-disponible-a-bouafle","status":"publish","type":"post","link":"https:\/\/linitiative.ca\/International\/cote-divoire-leau-potable-a-nouveau-disponible-a-bouafle\/","title":{"rendered":"C\u00f4te d\u2019Ivoire: l\u2019eau potable \u00e0 nouveau disponible \u00e0 Bouafl\u00e9"},"content":{"rendered":"<div>\n<p><img decoding=\"async\" width=\"450\" height=\"1000\" src=\"https:\/\/linitiative.ca\/International\/wp-content\/uploads\/sites\/23\/2022\/02\/16448770834213.jpg\" class=\"attachment-post-thumbnail size-post-thumbnail wp-post-image\" alt=\"\" loading=\"lazy\" srcset=\"https:\/\/linitiative.ca\/International\/wp-content\/uploads\/sites\/23\/2022\/02\/16448770834213.jpg 450w, https:\/\/www.journalducameroun.com\/wp-content\/uploads\/2022\/02\/16448770834213-135x300.jpg 135w, https:\/\/www.journalducameroun.com\/wp-content\/uploads\/2022\/02\/16448770834213-198x440.jpg 198w\" sizes=\"auto, (max-width: 450px) 100vw, 450px\"><\/p>\n<p>La mobilisation des agents pour le r\u00e9tablissement de la situation dans les meilleurs d\u00e9lais a conduit \u00e0 de multiples travaux sur le r\u00e9seau de distribution d&rsquo;eau.L&rsquo;eau potable est \u00e0 nouveau disponible dans les robinets \u00e0 Bouafl\u00e9 (centre ivoirien), gr\u00e2ce \u00e0 la promptitude des \u00e9quipes de la Sodeci qui ont r\u00e9duit les d\u00e9lais des travaux \u00e0 la suite du d\u00e9versement accidentel de carburants dans le fleuve Marahou\u00e9 par un camion-citerne.<\/p>\n<p>\u00ab\u00a0Depuis ce dimanche 13 f\u00e9vrier 2022, l&rsquo;eau potable est \u00e0 nouveau disponible dans les robinets \u00e0 Bouafl\u00e9\u00a0\u00bb, annonce un communiqu\u00e9 du minist\u00e8re ivoirien de l&rsquo;Hydraulique.<\/p>\n<p>Pendant 19 jours la fourniture d&rsquo;eau potable \u00e0 Bouafl\u00e9 a \u00e9t\u00e9 interrompue suite au d\u00e9versement accidentel du contenu d&rsquo;un camion citerne transportant de l&rsquo;hydrocarbure dans le fleuve Marahou\u00e9 le 26 janvier 2022.<\/p>\n<p>La continuit\u00e9 de service \u00e9tait assur\u00e9e par 11 camions citernes. Une organisation de rotation de ces camions-citernes, a \u00e9t\u00e9 mise \u00e0 disposition permettant de les ravitailler au fur et \u00e0 mesure.<\/p>\n<p>Apr\u00e8s les actions de d\u00e9pollution men\u00e9es par le Centre ivoirien antipollution (Ciapol), les tests sur l&rsquo;eau brute effectu\u00e9s par les laboratoires ont montr\u00e9 qu&rsquo;il n&rsquo;existait plus de trace d&rsquo;hydrocarbure dans le fleuve.<\/p>\n<p>Apr\u00e8s des travaux d&rsquo;\u00e9loignement du radeau \u00a0en amont, la Soci\u00e9t\u00e9 de distribution d&rsquo;eau de C\u00f4te d&rsquo;Ivoire (Sodeci) a proc\u00e9d\u00e9 au lavage des installations de \u00a0production et au nettoyage du r\u00e9seau.<\/p>\n<p>En accord avec tous les acteurs, l&rsquo;usine de traitement d&rsquo;eau de Bouafl\u00e9 a \u00e9t\u00e9 remise en service durant la nuit du samedi 12 f\u00e9vrier 2022, souligne le communiqu\u00e9 du minist\u00e8re de l&rsquo;Hydraulique. \u00a0<\/p>\n<p>Lors d&rsquo;une visite le 4 f\u00e9vrier \u00a02022 avec le directeur g\u00e9n\u00e9ral de la Sodeci, \u00a0M. Ahmadou Bakayoko, le ministre de l&rsquo;Hydraulique, Laurent Tchagba, avait annonc\u00e9 la mise en service de la station d&rsquo;eau potable dans 15 jours. \u00a0<\/p>\n<p>Mais, les choses se sont acc\u00e9l\u00e9r\u00e9s en simultan\u00e9 sur l&rsquo;impulsion du directeur g\u00e9n\u00e9ral de la Soci\u00e9t\u00e9, Ahmadou Bakayoko qui a \u00e9tabli un \u00ab\u00a0Comit\u00e9 de crise\u00a0\u00bb sur place pour soulager les populations priv\u00e9es d&rsquo;eau courante depuis le 27 janvier 2022. \u00a0<\/p>\n<p>Selon M. Ahmadou Bakayoko les techniciens en charge des travaux ont proc\u00e9d\u00e9 au \u00ab\u00a0d\u00e9placement de l&rsquo;\u00e9quipement de pompage et la construction d&rsquo;une nouvelle canalisation de l&rsquo;eau en amont pour \u00e9viter \u00e0 l&rsquo;avenir de tel incident\u00a0\u00bb.<\/p>\n<p>\u00ab\u00a0C&rsquo;est la qualit\u00e9 de l&rsquo;eau qui doit \u00eatre bue par les populations. Donc autant on comprend le probl\u00e8me, autant on ne prendra aucun risque sur la qualit\u00e9 de l&rsquo;eau, on fera tous les tests avant de redonner l&rsquo;eau\u00a0\u00bb, a-t-il insist\u00e9. Pour la Sodeci, la \u00ab\u00a0priorit\u00e9\u00a0\u00bb est la qualit\u00e9 de l&rsquo;eau potable \u00e0 drainer dans son r\u00e9seau.<\/p>\n<p>L&rsquo;incident technique caus\u00e9 par le d\u00e9versement accidentel d&rsquo;hydrocarbures \u00e0 proximit\u00e9 de l&rsquo;usine d&rsquo;eau potable de la Sodeci avait entra\u00een\u00e9 une suspension de la fourniture d&rsquo;eau depuis lors dans la localit\u00e9.<\/p>\n<p>Face \u00e0 cette situation, la soci\u00e9t\u00e9 a entrepris des actions aux c\u00f4t\u00e9s du minist\u00e8re de l&rsquo;Hydraulique et de l&rsquo;Office national de l&rsquo;eau potable (ONEP) pour coordonner les op\u00e9rations de d\u00e9pollution et la prise en charge des populations \u00e0 travers la coordination des camions citernes.<\/p>\n<p>La mobilisation des agents pour le r\u00e9tablissement de la situation dans les meilleurs d\u00e9lais a conduit \u00e0 de multiples travaux simultan\u00e9s sur tout le r\u00e9seau pour garantir la qualit\u00e9 de l&rsquo;eau \u00e0 la reprise de la desserte.<\/p>\n<p>Cette prompte mobilisation est le fruit de la cellule de crise qui travaille en liaison avec la direction g\u00e9n\u00e9rale et la direction r\u00e9gionale de Bouafl\u00e9 avec le support de toutes les directions op\u00e9rationnelles en interne.<\/p>\n<p>Ce comit\u00e9 a travaill\u00e9 en \u00e9troite collaboration avec les repr\u00e9sentants de la pr\u00e9fecture, de pompiers civils, des forces de l&rsquo;ordre, d&rsquo;\u00e9l\u00e9ments des Eaux et for\u00eats, du Ciapol.<\/p>\n<p>La direction r\u00e9gionale de l&rsquo;Hydraulique, de l&rsquo;Environnement et du d\u00e9veloppement durable ont \u00e9t\u00e9 associ\u00e9s \u00e0 cette op\u00e9ration ainsi que le minist\u00e8re de la Sant\u00e9, de l&rsquo;Hygi\u00e8ne publique et de la Couverture maladie universelle.<\/p>\n<p>Cet article <a rel=\"nofollow\" href=\"https:\/\/www.journalducameroun.com\/cote-divoire-leau-potable-a-nouveau-disponible-a-bouafle\/\">C\u00f4te d\u2019Ivoire: l\u2019eau potable \u00e0 nouveau disponible \u00e0 Bouafl\u00e9<\/a> est apparu en premier sur <a rel=\"nofollow\" href=\"https:\/\/www.journalducameroun.com\/\">Journal du Cameroun<\/a>.<\/p>\n<\/div>\n<p>Auteur: APA News<br \/>\n<a href=\"https:\/\/www.journalducameroun.com\/cote-divoire-leau-potable-a-nouveau-disponible-a-bouafle\/\">Cliquez ici pour lire l&rsquo;article depuis sa source.<\/a><\/p>\n","protected":false},"excerpt":{"rendered":"<p>La mobilisation des agents pour le r\u00e9tablissement de la situation dans les meilleurs d\u00e9lais a conduit \u00e0 de multiples travaux sur le r\u00e9seau de distribution d&rsquo;eau.L&rsquo;eau potable est \u00e0 nouveau disponible dans les robinets \u00e0 Bouafl\u00e9 (centre ivoirien), gr\u00e2ce \u00e0 la promptitude des \u00e9quipes de la Sodeci qui ont r\u00e9duit les d\u00e9lais des travaux \u00e0 [&hellip;]<\/p>\n","protected":false},"author":1965,"featured_media":0,"comment_status":"closed","ping_status":"closed","sticky":false,"template":"","format":"standard","meta":{"fifu_image_url":"https:\/\/www.journalducameroun.com\/wp-content\/uploads\/2022\/02\/16448770834213.jpg","fifu_image_alt":"C\u00f4te d\u2019Ivoire: l\u2019eau potable \u00e0 nouveau disponible \u00e0 Bouafl\u00e9","footnotes":""},"categories":[73,82],"tags":[],"class_list":["post-140877","post","type-post","status-publish","format-standard","hentry","category-actualite","category-cameroun"],"_links":{"self":[{"href":"https:\/\/linitiative.ca\/International\/wp-json\/wp\/v2\/posts\/140877","targetHints":{"allow":["GET"]}}],"collection":[{"href":"https:\/\/linitiative.ca\/International\/wp-json\/wp\/v2\/posts"}],"about":[{"href":"https:\/\/linitiative.ca\/International\/wp-json\/wp\/v2\/types\/post"}],"author":[{"embeddable":true,"href":"https:\/\/linitiative.ca\/International\/wp-json\/wp\/v2\/users\/1965"}],"replies":[{"embeddable":true,"href":"https:\/\/linitiative.ca\/International\/wp-json\/wp\/v2\/comments?post=140877"}],"version-history":[{"count":0,"href":"https:\/\/linitiative.ca\/International\/wp-json\/wp\/v2\/posts\/140877\/revisions"}],"wp:attachment":[{"href":"https:\/\/linitiative.ca\/International\/wp-json\/wp\/v2\/media?parent=140877"}],"wp:term":[{"taxonomy":"category","embeddable":true,"href":"https:\/\/linitiative.ca\/International\/wp-json\/wp\/v2\/categories?post=140877"},{"taxonomy":"post_tag","embeddable":true,"href":"https:\/\/linitiative.ca\/International\/wp-json\/wp\/v2\/tags?post=140877"}],"curies":[{"name":"wp","href":"https:\/\/api.w.org\/{rel}","templated":true}]}}