{"id":140883,"date":"2022-02-14T14:38:03","date_gmt":"2022-02-14T19:38:03","guid":{"rendered":"https:\/\/linitiative.ca\/International\/40-entreprises-italiennes-annoncees-a-la-8e-edition-du-salon-promote\/"},"modified":"2022-02-14T14:38:03","modified_gmt":"2022-02-14T19:38:03","slug":"40-entreprises-italiennes-annoncees-a-la-8e-edition-du-salon-promote","status":"publish","type":"post","link":"https:\/\/linitiative.ca\/International\/40-entreprises-italiennes-annoncees-a-la-8e-edition-du-salon-promote\/","title":{"rendered":"40 entreprises italiennes annonc\u00e9es \u00e0 la 8e \u00e9dition du salon Promote\u00a0"},"content":{"rendered":"<div>\n<p>\u201cL\u2019Italie sera bien repr\u00e9sent\u00e9e lors du salon Promote\u201d. Tels sont les propos de l\u2019Ambassadeur de l\u2019Italie au Cameroun son Excellence Filippo Scammacca Del Murgo pour confirmer la pr\u00e9sence de son pays \u00e0 cette foire commerciale qui se tiendra du 19 au 27 f\u00e9vrier prochain.\u00a0<\/p>\n<p><strong>Lire aussi <\/strong>: <strong><a href=\"https:\/\/ecomatin.net\/afriland-first-bank-sassocie-a-la-fondation-inter-progress-pour-lorganisation-de-promote-2022\/\">Afriland First Bank s\u2019associe \u00e0 la Fondation Inter-Progress pour l\u2019organisation de Promote 2022<\/a><\/strong><\/p>\n<p>Ce sont au total pr\u00e8s de 40 entreprises italiennes qui seront pr\u00e9sentes \u00e0 ce salon qui a pour th\u00e8me\u00a0\u00ab\u00a0Industrialisation de l\u2019Afrique, une cl\u00e9 pour l\u2019\u00e9mergence du continent. Avec pour innovations majeures le partenaire majeur et le renforcement du volet digital\u00a0\u00bb. Les entreprises annonc\u00e9es figurent donc dans les secteurs de\u00a0: l\u2019architecture et la construction (Atmosph\u00e8re, UR Trade, Milano Architettura\u2026)\u00a0; l\u2019agro-alimentaire (Cytohumat, Oscar, Sea-Land\u2026)\u00a0; la sant\u00e9 et l\u2019industrie m\u00e9dicale (Dama SNC, Gruppo Farmaimpresa\u2026)\u00a0; la m\u00e9canique (Sordi, ValveIT, Soaptec\u2026)\u00a0; les \u00e9nergies renouvelables et l\u2019Oila gas (Sustenie light, Rota guido, Boldrin\u2026). Enfin les entreprises dites multisectoriels qui comprennent\u00a0\u00a0des\u00a0\u00a0associations d\u2019entreprises avec ITAfrica et E4Impact. Indiquons que le pavillon Italien qui sera ouvert \u00e0 partir du lundi 21 f\u00e9vrier donnera l\u2019occasion aux visiteurs d\u2019avoir en plus de la pr\u00e9sentation des entreprises participantes, des rencontres B to B (business to business).<\/p>\n<p><strong>Lire aussi<\/strong> : <strong><a href=\"https:\/\/ecomatin.net\/cooperation-la-chambre-de-commerce-cameroun-italie-veut-se-lancer-dans-la-transformation-agricole\/\">Coop\u00e9ration : la Chambre de Commerce Cameroun\/Italie veut se lancer dans la transformation agricole<\/a><\/strong><\/p>\n<p>Toujours durant ce salon, il est pr\u00e9vu un mini-forum, Italie-Cameroun, le 22 f\u00e9vrier. Celui-ci sera ouvert par l\u2019Ambassadeur de l\u2019Italie au Cameroun son Excellence Filippo Scammacca Del Murgo et le ministre de l\u2019Economie, de la planification et de l\u2019am\u00e9nagement du territoire, Alamine Ousmane Mey. Ledit forum selon Filippo Scammacca Del Murgo \u00ab\u00a0sera l\u2019occasion pour parler de l\u2019Italie, du Cameroun et des perspectives entre les deux pays\u00a0\u00bb.<\/p>\n<p><strong>Lire aussi<\/strong> : <strong><a href=\"https:\/\/ecomatin.net\/relations-bilaterales-les-nouveaux-axes-de-la-cooperation-cameroun-italie\/\" rel=\"sponsored nofollow\">Relations bilat\u00e9rales : les nouveaux axes de la coop\u00e9ration Cameroun-Italie<\/a><\/strong><\/p>\n<p>Le mini-forum Italie-Cameroun verra donc la participation en guise d\u2019intervenants\u00a0: Elisabeth Merlino, Directrice ICE\u2014Agence italienne pour le commerce ext\u00e9rieur (Luanda)\u00a0; Ang\u00e9line Minja, Directrice g\u00e9n\u00e9rale de l\u2019Agence de promotion des investissements (API)\u00a0; C\u00e9lestin Tawamba, pr\u00e9sident du Groupement inter patronal du Cameroun (Gicam)\u00a0; Fran\u00e7oise Puene, promotrice de l\u2019Hotel Franco\u00a0; Emmanuel Bon DG de l\u2019entreprise AlpiCam et de Ferdinand Didier Manga, repr\u00e9sentant des associations de la diaspora.<\/p>\n<p>L\u2019article <a rel=\"nofollow\" href=\"https:\/\/ecomatin.net\/40-entreprises-italiennes-annoncees-a-la-8e-edition-du-salon-promote\/\">40 entreprises italiennes annonc\u00e9es \u00e0 la 8e \u00e9dition du salon Promote\u00a0<\/a> est apparu en premier sur <a rel=\"nofollow\" href=\"https:\/\/ecomatin.net\/\">EcoMatin<\/a>.<\/p>\n<\/div>\n<p>Auteur: Cindy MBALA<br \/>\n<a href=\"https:\/\/ecomatin.net\/40-entreprises-italiennes-annoncees-a-la-8e-edition-du-salon-promote\/\">Cliquez ici pour lire l&rsquo;article depuis sa source.<\/a><\/p>\n","protected":false},"excerpt":{"rendered":"<p>\u201cL\u2019Italie sera bien repr\u00e9sent\u00e9e lors du salon Promote\u201d. Tels sont les propos de l\u2019Ambassadeur de l\u2019Italie au Cameroun son Excellence Filippo Scammacca Del Murgo pour confirmer la pr\u00e9sence de son pays \u00e0 cette foire commerciale qui se tiendra du 19 au 27 f\u00e9vrier prochain.\u00a0 Lire aussi : Afriland First Bank s\u2019associe \u00e0 la Fondation Inter-Progress [&hellip;]<\/p>\n","protected":false},"author":1969,"featured_media":0,"comment_status":"closed","ping_status":"closed","sticky":false,"template":"","format":"standard","meta":{"fifu_image_url":"","fifu_image_alt":"","footnotes":""},"categories":[82,78],"tags":[],"class_list":["post-140883","post","type-post","status-publish","format-standard","hentry","category-cameroun","category-economie"],"_links":{"self":[{"href":"https:\/\/linitiative.ca\/International\/wp-json\/wp\/v2\/posts\/140883","targetHints":{"allow":["GET"]}}],"collection":[{"href":"https:\/\/linitiative.ca\/International\/wp-json\/wp\/v2\/posts"}],"about":[{"href":"https:\/\/linitiative.ca\/International\/wp-json\/wp\/v2\/types\/post"}],"author":[{"embeddable":true,"href":"https:\/\/linitiative.ca\/International\/wp-json\/wp\/v2\/users\/1969"}],"replies":[{"embeddable":true,"href":"https:\/\/linitiative.ca\/International\/wp-json\/wp\/v2\/comments?post=140883"}],"version-history":[{"count":0,"href":"https:\/\/linitiative.ca\/International\/wp-json\/wp\/v2\/posts\/140883\/revisions"}],"wp:attachment":[{"href":"https:\/\/linitiative.ca\/International\/wp-json\/wp\/v2\/media?parent=140883"}],"wp:term":[{"taxonomy":"category","embeddable":true,"href":"https:\/\/linitiative.ca\/International\/wp-json\/wp\/v2\/categories?post=140883"},{"taxonomy":"post_tag","embeddable":true,"href":"https:\/\/linitiative.ca\/International\/wp-json\/wp\/v2\/tags?post=140883"}],"curies":[{"name":"wp","href":"https:\/\/api.w.org\/{rel}","templated":true}]}}