{"id":140900,"date":"2022-02-14T13:00:00","date_gmt":"2022-02-14T18:00:00","guid":{"rendered":"https:\/\/linitiative.ca\/International\/parlatino-le-maroc-fermement-convaincu-de-limportance-des-blocs-regionaux\/"},"modified":"2022-02-14T13:00:00","modified_gmt":"2022-02-14T18:00:00","slug":"parlatino-le-maroc-fermement-convaincu-de-limportance-des-blocs-regionaux","status":"publish","type":"post","link":"https:\/\/linitiative.ca\/International\/parlatino-le-maroc-fermement-convaincu-de-limportance-des-blocs-regionaux\/","title":{"rendered":"Parlatino : Le Maroc fermement convaincu de l\u2019importance des blocs r\u00e9gionaux"},"content":{"rendered":"<div>\n<p class=\"has-text-align-center has-vivid-red-color has-text-color\"><strong>Face aux d\u00e9fis mondiaux<\/strong><\/p>\n<p class=\"has-black-color has-text-color\"><strong>Le pr\u00e9sident de la Chambre des Conseillers, Naama Mayara, a soulign\u00e9, vendredi \u00e0 Panama City, que le Maroc est fermement convaincu de l\u2019importance des blocs r\u00e9gionaux pour faire face aux d\u00e9fis mondiaux.<\/strong><\/p>\n<p class=\"has-black-color has-text-color\">Dans un discours prononc\u00e9 \u00e0 l\u2019ouverture de l\u2019Assembl\u00e9e g\u00e9n\u00e9rale annuelle du parlement latino-am\u00e9ricain et des Cara\u00efbes (Parlatino), M. Mayara a indiqu\u00e9 que l\u2019adh\u00e9sion du Parlement marocain au bloc r\u00e9gional Parlatino \u00ab\u00a0illustre la ferme conviction du Maroc de l\u2019importance du r\u00f4le pionnier jou\u00e9 aujourd\u2019hui par des blocs r\u00e9gionaux dans un monde en perp\u00e9tuelle mutation.\u00a0\u00bb<\/p>\n<p class=\"has-black-color has-text-color\">Il a expliqu\u00e9 que l\u2019engagement du Maroc \u00e0 renforcer sa coop\u00e9ration avec ce groupement r\u00e9gional d\u00e9coule de la ferme conviction de l\u2019importance de soutenir toutes les initiatives de solidarit\u00e9 et les projets d\u2019int\u00e9gration, en particulier en rapport avec la coop\u00e9ration Sud-Sud, conform\u00e9ment au choix strat\u00e9gique du Royaume sous la sage conduite de Sa Majest\u00e9 le Roi Mohammed VI.<\/p>\n<p class=\"has-black-color has-text-color\">Le pr\u00e9sident de la Chambre des Conseillers a en outre soulign\u00e9 l\u2019imp\u00e9ratif de conjuguer les efforts pour transformer les crises actuelles en v\u00e9ritables opportunit\u00e9s synonymes de nouveaux d\u00e9parts, dans le contexte des d\u00e9fis sans pr\u00e9c\u00e9dent inscrits sur l\u2019agenda \u00e9conomique et social des Etats membres du Parlatino et du Sud en g\u00e9n\u00e9ral.<br \/>L\u2019Afrique et l\u2019Am\u00e9rique latine rec\u00e8lent un \u00e9norme potentiel \u00e9conomique qui leur permet, a-t-il dit, de s\u2019assurer un positionnement de premier plan dans le nouvel ordre mondial post-Covid 19, ajoutant que les syst\u00e8mes de vaccination et les voies de relance \u00e9conomique confirment que \u00ab\u00a0la coop\u00e9ration entre nos pays est promise \u00e0 un bel avenir, de fa\u00e7on \u00e0 faire m\u00fbrir les conditions pour l\u2019\u00e9tablissement d\u2019une zone de libre-\u00e9change\u201d entre l\u2019Afrique, l\u2019Am\u00e9rique latine et les Cara\u00efbes.<\/p>\n<p class=\"has-black-color has-text-color\">Lors de la s\u00e9ance d\u2019ouverture des travaux de l\u2019Assembl\u00e9e annuelle du Parlatino, M. Mayara s\u2019est vu accorder la M\u00e9daille \u00ab\u00a0Gran Cruz\u201d du m\u00e9rite latino-am\u00e9ricain.<br \/>En marge de cet \u00e9v\u00e8nement, un espace marocain a \u00e9t\u00e9 inaugur\u00e9 au si\u00e8ge du parlement latino-am\u00e9ricain et des Cara\u00efbes, que Sa Majest\u00e9 le Roi Mohammed VI a bien voulu baptiser de Son Auguste Nom \u00ab\u00a0Biblioth\u00e8que Roi Mohammed VI\u00a0\u00bb.<\/p>\n<p>L\u2019article <a rel=\"nofollow\" href=\"http:\/\/albayane.press.ma\/parlatino-le-maroc-fermement-convaincu-de-limportance-des-blocs-regionaux.html\">Parlatino : Le Maroc fermement convaincu de l\u2019importance des blocs r\u00e9gionaux<\/a> est apparu en premier sur <a rel=\"nofollow\" href=\"http:\/\/albayane.press.ma\/\">ALBAYANE<\/a>.<\/p>\n<\/div>\n<p>Auteur: M&rsquo;hammed rahal<br \/>\n<a href=\"http:\/\/albayane.press.ma\/parlatino-le-maroc-fermement-convaincu-de-limportance-des-blocs-regionaux.html\">Cliquez ici pour lire l&rsquo;article depuis sa source.<\/a><\/p>\n","protected":false},"excerpt":{"rendered":"<p>Face aux d\u00e9fis mondiaux Le pr\u00e9sident de la Chambre des Conseillers, Naama Mayara, a soulign\u00e9, vendredi \u00e0 Panama City, que le Maroc est fermement convaincu de l\u2019importance des blocs r\u00e9gionaux pour faire face aux d\u00e9fis mondiaux. Dans un discours prononc\u00e9 \u00e0 l\u2019ouverture de l\u2019Assembl\u00e9e g\u00e9n\u00e9rale annuelle du parlement latino-am\u00e9ricain et des Cara\u00efbes (Parlatino), M. Mayara [&hellip;]<\/p>\n","protected":false},"author":1760,"featured_media":0,"comment_status":"closed","ping_status":"closed","sticky":false,"template":"","format":"standard","meta":{"fifu_image_url":"","fifu_image_alt":"","footnotes":""},"categories":[73,54],"tags":[],"class_list":["post-140900","post","type-post","status-publish","format-standard","hentry","category-actualite","category-maroc"],"_links":{"self":[{"href":"https:\/\/linitiative.ca\/International\/wp-json\/wp\/v2\/posts\/140900","targetHints":{"allow":["GET"]}}],"collection":[{"href":"https:\/\/linitiative.ca\/International\/wp-json\/wp\/v2\/posts"}],"about":[{"href":"https:\/\/linitiative.ca\/International\/wp-json\/wp\/v2\/types\/post"}],"author":[{"embeddable":true,"href":"https:\/\/linitiative.ca\/International\/wp-json\/wp\/v2\/users\/1760"}],"replies":[{"embeddable":true,"href":"https:\/\/linitiative.ca\/International\/wp-json\/wp\/v2\/comments?post=140900"}],"version-history":[{"count":0,"href":"https:\/\/linitiative.ca\/International\/wp-json\/wp\/v2\/posts\/140900\/revisions"}],"wp:attachment":[{"href":"https:\/\/linitiative.ca\/International\/wp-json\/wp\/v2\/media?parent=140900"}],"wp:term":[{"taxonomy":"category","embeddable":true,"href":"https:\/\/linitiative.ca\/International\/wp-json\/wp\/v2\/categories?post=140900"},{"taxonomy":"post_tag","embeddable":true,"href":"https:\/\/linitiative.ca\/International\/wp-json\/wp\/v2\/tags?post=140900"}],"curies":[{"name":"wp","href":"https:\/\/api.w.org\/{rel}","templated":true}]}}