{"id":140901,"date":"2022-02-14T13:00:00","date_gmt":"2022-02-14T18:00:00","guid":{"rendered":"https:\/\/linitiative.ca\/International\/declaration-de-panama-un-nouveau-jalon-au-service-de-la-cooperation-afrique-amerique-latine\/"},"modified":"2022-02-14T13:00:00","modified_gmt":"2022-02-14T18:00:00","slug":"declaration-de-panama-un-nouveau-jalon-au-service-de-la-cooperation-afrique-amerique-latine","status":"publish","type":"post","link":"https:\/\/linitiative.ca\/International\/declaration-de-panama-un-nouveau-jalon-au-service-de-la-cooperation-afrique-amerique-latine\/","title":{"rendered":"D\u00e9claration de Panama : un nouveau jalon au service de la coop\u00e9ration Afrique-Am\u00e9rique latine"},"content":{"rendered":"<div>\n<p class=\"has-text-align-center has-vivid-red-color has-text-color\"><strong>Espace marocain au Parlatino<\/strong><\/p>\n<p class=\"has-black-color has-text-color\"><strong>L\u2019Espace marocain, inaugur\u00e9 vendredi au si\u00e8ge du Parlement d\u2019Am\u00e9rique Latine et des Cara\u00efbes (Parlatino) \u00e0 Panama, repr\u00e9sente un nouveau jalon au service de la dynamique de coop\u00e9ration entre l\u2019Afrique et l\u2019Am\u00e9rique latine, ont soulign\u00e9 les participants au Sommet des pr\u00e9sidents des Unions parlementaires r\u00e9gionales en Afrique et en Am\u00e9rique Latine qui vient de cl\u00f4turer ses travaux dans la capitale panam\u00e9enne.<\/strong><\/p>\n<p class=\"has-black-color has-text-color\">\u00ab\u00a0Nous saluons hautement cette initiative et nous exprimons notre estime profonde \u00e0 Sa Majest\u00e9 le Roi Mohammed VI qui a bien voulu baptiser de Son Auguste Nom l\u2019Espace marocain au si\u00e8ge du Parlatino\u00a0\u00bb, ont affirm\u00e9 les participants dans la D\u00e9claration de Panama adopt\u00e9e au terme du Sommet.<br \/>Il s\u2019agit d\u2019un soutien au processus de coop\u00e9ration entre les espaces africains et latino-am\u00e9ricain, selon cette D\u00e9claration sign\u00e9e par la pr\u00e9sidente du Parlatino, Silvia del Rosario Giacoppo, le pr\u00e9sident de l\u2019Union parlementaire africaine, Mohamed Ali Houmed, le pr\u00e9sident du Parlement de la communaut\u00e9 \u00e9conomique des Etats d\u2019Afrique de l\u2019Ouest, Sidie Mohamed Tunis, ainsi que par M. Naama Mayara, en sa qualit\u00e9 de pr\u00e9sident de la Chambre des Conseillers et de pr\u00e9sident de l\u2019Association des S\u00e9nats, Shoura et Conseils \u00e9quivalents d\u2019Afrique et du monde arabe.<br \/>Les participants ont \u00e9galement mis en avant les efforts d\u00e9ploy\u00e9s par le Parlatino et la Chambre des conseillers marocaine pour conforter le r\u00f4le du Forum parlementaire Afrique-Am\u00e9rique latine en tant que passerelle solide entre les deux continents et espace de dialogue, ainsi que pour promouvoir des institutions d\u00e9di\u00e9es aux programmes de coop\u00e9ration Sud-Sud et aux plaidoyers, le but \u00e9tant d\u2019att\u00e9nuer l\u2019impact de la non-int\u00e9gration.<br \/>Dans ce cadre, la D\u00e9claration de Panama a annonc\u00e9 la mise en place d\u2019un secr\u00e9tariat du Forum au niveau du Parlatino et de la Chambre des conseillers puisqu\u2019ils sont tous les deux charg\u00e9s de coordonner les efforts en vue d\u2019\u00e9laborer la feuille de route et le plan de travail du Forum.<\/p>\n<p class=\"has-black-color has-text-color\">L\u2019objectif de la cr\u00e9ation de ce Forum est de mettre en place un espace de dialogue interactif et de convergence de l\u2019action parlementaire dans la perspective de faciliter l\u2019int\u00e9gration r\u00e9gionale, ont pr\u00e9cis\u00e9 les signataires.<br \/>Il s\u2019agit aussi, selon la D\u00e9claration, de renforcer la coop\u00e9ration Sud-Sud en tant que m\u00e9canisme de plaidoyer en faveur des peuples d\u2019Afrique et d\u2019Am\u00e9rique latine sur les questions de la paix, la justice sanitaire, sociale et environnementale, le d\u00e9veloppement durable, la gouvernance d\u00e9mocratique mondiale, et la primaut\u00e9 de loi et les droits de l\u2019homme.<br \/>Par la m\u00eame occasion, les signataires de la D\u00e9claration de Panama ont annonc\u00e9 la tenue au Maroc du Sommet des pr\u00e9sidents des Unions parlementaires r\u00e9gionales en Afrique et en Am\u00e9rique Latine. Ils s\u2019engagent, dans ce sens, \u00e0 travailler avec les organisations et instances parlementaires dans les deux r\u00e9gions afin de garantir la r\u00e9ussite de cette \u00e9tape et de faire du Forum une plateforme politique pour proposer des alternatives et des solutions qui soient au diapason des attentes des peuples du Sud.<br \/>Les participants \u00e0 ce sommet ont, en outre, mis l\u2019accent sur l\u2019importance strat\u00e9gique de la coop\u00e9ration Sud-Sud et de la mobilisation populaire tout en insistant sur l\u2019imp\u00e9ratif de d\u00e9velopper une diplomatie parlementaire efficace au service d\u2019une coop\u00e9ration multidimensionnelle devenue primordiale dans un contexte marqu\u00e9 par les multiples d\u00e9fis g\u00e9opolitiques et sanitaires li\u00e9s \u00e0 la pand\u00e9mie de Covid-19.<\/p>\n<p>L\u2019article <a rel=\"nofollow\" href=\"http:\/\/albayane.press.ma\/declaration-de-panama-un-nouveau-jalon-au-service-de-la-cooperation-afrique-amerique-latine.html\">D\u00e9claration de Panama : un nouveau jalon au service de la coop\u00e9ration Afrique-Am\u00e9rique latine<\/a> est apparu en premier sur <a rel=\"nofollow\" href=\"http:\/\/albayane.press.ma\/\">ALBAYANE<\/a>.<\/p>\n<\/div>\n<p>Auteur: M&rsquo;hammed rahal<br \/>\n<a href=\"http:\/\/albayane.press.ma\/declaration-de-panama-un-nouveau-jalon-au-service-de-la-cooperation-afrique-amerique-latine.html\">Cliquez ici pour lire l&rsquo;article depuis sa source.<\/a><\/p>\n","protected":false},"excerpt":{"rendered":"<p>Espace marocain au Parlatino L\u2019Espace marocain, inaugur\u00e9 vendredi au si\u00e8ge du Parlement d\u2019Am\u00e9rique Latine et des Cara\u00efbes (Parlatino) \u00e0 Panama, repr\u00e9sente un nouveau jalon au service de la dynamique de coop\u00e9ration entre l\u2019Afrique et l\u2019Am\u00e9rique latine, ont soulign\u00e9 les participants au Sommet des pr\u00e9sidents des Unions parlementaires r\u00e9gionales en Afrique et en Am\u00e9rique Latine qui [&hellip;]<\/p>\n","protected":false},"author":1760,"featured_media":0,"comment_status":"closed","ping_status":"closed","sticky":false,"template":"","format":"standard","meta":{"fifu_image_url":"","fifu_image_alt":"","footnotes":""},"categories":[73,54],"tags":[],"class_list":["post-140901","post","type-post","status-publish","format-standard","hentry","category-actualite","category-maroc"],"_links":{"self":[{"href":"https:\/\/linitiative.ca\/International\/wp-json\/wp\/v2\/posts\/140901","targetHints":{"allow":["GET"]}}],"collection":[{"href":"https:\/\/linitiative.ca\/International\/wp-json\/wp\/v2\/posts"}],"about":[{"href":"https:\/\/linitiative.ca\/International\/wp-json\/wp\/v2\/types\/post"}],"author":[{"embeddable":true,"href":"https:\/\/linitiative.ca\/International\/wp-json\/wp\/v2\/users\/1760"}],"replies":[{"embeddable":true,"href":"https:\/\/linitiative.ca\/International\/wp-json\/wp\/v2\/comments?post=140901"}],"version-history":[{"count":0,"href":"https:\/\/linitiative.ca\/International\/wp-json\/wp\/v2\/posts\/140901\/revisions"}],"wp:attachment":[{"href":"https:\/\/linitiative.ca\/International\/wp-json\/wp\/v2\/media?parent=140901"}],"wp:term":[{"taxonomy":"category","embeddable":true,"href":"https:\/\/linitiative.ca\/International\/wp-json\/wp\/v2\/categories?post=140901"},{"taxonomy":"post_tag","embeddable":true,"href":"https:\/\/linitiative.ca\/International\/wp-json\/wp\/v2\/tags?post=140901"}],"curies":[{"name":"wp","href":"https:\/\/api.w.org\/{rel}","templated":true}]}}