{"id":140902,"date":"2022-02-14T13:00:00","date_gmt":"2022-02-14T18:00:00","guid":{"rendered":"https:\/\/linitiative.ca\/International\/la-stabilite-dabord\/"},"modified":"2022-02-14T13:00:00","modified_gmt":"2022-02-14T18:00:00","slug":"la-stabilite-dabord","status":"publish","type":"post","link":"https:\/\/linitiative.ca\/International\/la-stabilite-dabord\/","title":{"rendered":"La stabilit\u00e9 d\u2019abord !"},"content":{"rendered":"<div>\n<p class=\"has-black-color has-text-color\"><strong>Le pr\u00e9sent Ex\u00e9cutif joue avec le feu, par son indolence aga\u00e7ante\u00a0! Jusqu\u2019\u00e0 pr\u00e9sent, aucune mesure palliative pour stopper le d\u00e9ferlement ruisselant de la flamb\u00e9e de prix. La hausse des produits de haute consommation au sein des\u00a0 m\u00e9nages \u00e0 petites bourses, s\u2019amplifie \u00e0 vive cadence. Comme le malheur ne vient jamais seul, la pluie s\u2019ent\u00eate \u00e0 se montrer cl\u00e9mente, face aux d\u00e9sarrois funestes des champs et des \u00e2mes d\u00e9shydrat\u00e9s. Jamais la s\u00e9cheresse n\u2019eut \u00e9t\u00e9 aussi aust\u00e8re, il y a plus de trois d\u00e9cennies, que cette ann\u00e9e en cours\u00a0! Le gouvernement est amen\u00e9 urgemment \u00e0 quitter son mutisme et s\u2019ing\u00e9nier \u00e0 confronter ce fl\u00e9au angoissant, \u00e0 travers des solutions concr\u00e8tes et promptes. En fait, les couches d\u00e9munies dont la majorit\u00e9 \u00e9crasante a perdu son emploi \u00e0 cause de la crise pand\u00e9mique, ne peuvent plus tenir le coup de ce rench\u00e9rissement vertigineux des denr\u00e9es de premi\u00e8re n\u00e9cessit\u00e9. \u00ab La pression ne fait pr\u00e9cipiter l\u2019explosion\u00a0!\u00a0\u00bb, dit-on dans la th\u00e9orie de la physique. Cette recrudescence alarmante du co\u00fbt de la vie de fa\u00e7on globale, va finir par inciter les franges fragilis\u00e9es de la soci\u00e9t\u00e9 marocaine \u00e0 prendre d\u2019assaut les rues et vocif\u00e9rer sa col\u00e8re. Des sit-in grossissants s\u2019appr\u00eatent, par le biais syndical, \u00e0 investir les art\u00e8res et les places publics, s\u2019exposant aux gourdins des services d\u2019ordre, dans un climat de tension et de col\u00e8re. La mont\u00e9e effr\u00e9n\u00e9e de la pompe exasp\u00e8re \u00e9galement la souche moyenne qui ne parvient gu\u00e8re \u00e0 joindre les deux bouts, ne cache plus sa grogne au grand jour et ressent l\u2019envie de se manifester, aux c\u00f4t\u00e9s des couches d\u00e9sh\u00e9rit\u00e9es. C\u2019est donc un malaise collectif qui s\u2019instaure affreusement dans le pays, sans que le gouvernement ne se d\u00e9cide \u00e0 r\u00e9agir pour juguler l\u2019appr\u00e9hension massive des citoyens qui ne cessent de montrer d\u2019un cran au c\u0153ur de l\u2019agitation p\u00e9rilleuse des populations les plus impact\u00e9es. On est alors trop pr\u00eat d\u2019une \u00ab\u00a0impulsion\u00a0\u00bb populaire qui secouerait le royaume et hypoth\u00e9querait les efforts de redressement social mis sur orbite, en mati\u00e8re de protection sanitaire, insuffl\u00e9e par le Souverain, il y a quelques temps. Il s\u2019agit en effet, de la stabilit\u00e9 de la Nation qui semble \u00eatre soumise \u00e0 de s\u00e9rieux dangers de riposte des masses frapp\u00e9es par les affres de la vie au quotidien, \u00e0 la veille des grands d\u00e9fis \u00e0 lever. \u00a0La stabilit\u00e9 a toujours constitu\u00e9 le fort de la Nation, durant des si\u00e8cles, lors des \u00e9preuves encore plus virulentes. Il est donc loisible de s\u2019agripper fortement \u00e0 cette valeur irr\u00e9sistible de notre pays, en se penchant s\u00e9rieusement \u00e0 la solution de ceux qui continuent \u00e0 maintenir la stabilit\u00e9 de la Nation, malgr\u00e9 les contraintes ardues, en l\u2019occurrence les populations en pr\u00e9carit\u00e9\u00a0!<\/strong><\/p>\n<p>L\u2019article <a rel=\"nofollow\" href=\"http:\/\/albayane.press.ma\/la-stabilite-dabord.html\">La stabilit\u00e9 d\u2019abord !<\/a> est apparu en premier sur <a rel=\"nofollow\" href=\"http:\/\/albayane.press.ma\/\">ALBAYANE<\/a>.<\/p>\n<\/div>\n<p>Auteur: M&rsquo;hammed rahal<br \/>\n<a href=\"http:\/\/albayane.press.ma\/la-stabilite-dabord.html\">Cliquez ici pour lire l&rsquo;article depuis sa source.<\/a><\/p>\n","protected":false},"excerpt":{"rendered":"<p>Le pr\u00e9sent Ex\u00e9cutif joue avec le feu, par son indolence aga\u00e7ante\u00a0! Jusqu\u2019\u00e0 pr\u00e9sent, aucune mesure palliative pour stopper le d\u00e9ferlement ruisselant de la flamb\u00e9e de prix. La hausse des produits de haute consommation au sein des\u00a0 m\u00e9nages \u00e0 petites bourses, s\u2019amplifie \u00e0 vive cadence. Comme le malheur ne vient jamais seul, la pluie s\u2019ent\u00eate \u00e0 [&hellip;]<\/p>\n","protected":false},"author":1760,"featured_media":0,"comment_status":"closed","ping_status":"closed","sticky":false,"template":"","format":"standard","meta":{"fifu_image_url":"","fifu_image_alt":"","footnotes":""},"categories":[73,54],"tags":[],"class_list":["post-140902","post","type-post","status-publish","format-standard","hentry","category-actualite","category-maroc"],"_links":{"self":[{"href":"https:\/\/linitiative.ca\/International\/wp-json\/wp\/v2\/posts\/140902","targetHints":{"allow":["GET"]}}],"collection":[{"href":"https:\/\/linitiative.ca\/International\/wp-json\/wp\/v2\/posts"}],"about":[{"href":"https:\/\/linitiative.ca\/International\/wp-json\/wp\/v2\/types\/post"}],"author":[{"embeddable":true,"href":"https:\/\/linitiative.ca\/International\/wp-json\/wp\/v2\/users\/1760"}],"replies":[{"embeddable":true,"href":"https:\/\/linitiative.ca\/International\/wp-json\/wp\/v2\/comments?post=140902"}],"version-history":[{"count":0,"href":"https:\/\/linitiative.ca\/International\/wp-json\/wp\/v2\/posts\/140902\/revisions"}],"wp:attachment":[{"href":"https:\/\/linitiative.ca\/International\/wp-json\/wp\/v2\/media?parent=140902"}],"wp:term":[{"taxonomy":"category","embeddable":true,"href":"https:\/\/linitiative.ca\/International\/wp-json\/wp\/v2\/categories?post=140902"},{"taxonomy":"post_tag","embeddable":true,"href":"https:\/\/linitiative.ca\/International\/wp-json\/wp\/v2\/tags?post=140902"}],"curies":[{"name":"wp","href":"https:\/\/api.w.org\/{rel}","templated":true}]}}