{"id":140904,"date":"2022-02-15T06:31:33","date_gmt":"2022-02-15T11:31:33","guid":{"rendered":"https:\/\/linitiative.ca\/International\/previsions-meteorologiques-pour-le-mercredi-16-fevrier-2022\/"},"modified":"2022-02-15T06:31:33","modified_gmt":"2022-02-15T11:31:33","slug":"previsions-meteorologiques-pour-le-mercredi-16-fevrier-2022","status":"publish","type":"post","link":"https:\/\/linitiative.ca\/International\/previsions-meteorologiques-pour-le-mercredi-16-fevrier-2022\/","title":{"rendered":"Pr\u00e9visions m\u00e9t\u00e9orologiques pour le mercredi 16 f\u00e9vrier 2022"},"content":{"rendered":"<div>\n<div style=\"margin-bottom:20px;\"><img loading=\"lazy\" decoding=\"async\" width=\"750\" height=\"430\" src=\"https:\/\/linitiative.ca\/International\/wp-content\/uploads\/sites\/23\/2022\/02\/soleil-1.jpg\" class=\"attachment-post-thumbnail size-post-thumbnail wp-post-image\" alt=\"\" srcset=\"https:\/\/linitiative.ca\/International\/wp-content\/uploads\/sites\/23\/2022\/02\/soleil-1.jpg 750w, https:\/\/www.mapmarrakech.ma\/map\/uploads\/2022\/02\/soleil-1-300x172.jpg 300w\" sizes=\"auto, (max-width: 750px) 100vw, 750px\"><\/div>\n<p align=\"justify\">\u2013 Temps assez froid et gel\u00e9e locale, la matin\u00e9e et la nuit, sur les montagnes, le Sud-Est, l\u2019Oriental, Oulm\u00e8s et le\u00a0plateau des Phosphates.<\/p>\n<p align=\"justify\">\u2013 Quelques formations brumeuses sur les c\u00f4tes nord et le nord des provinces du Sud.<\/p>\n<p align=\"justify\">\u2013 Chasse-poussi\u00e8res locales sur l\u2019int\u00e9rieur des provinces du Sud.<\/p>\n<p align=\"justify\">\u2013 Vent assez fort de secteur est sur le Sud.<\/p>\n<p align=\"justify\">\u2013 Temp\u00e9ratures minimales de l\u2019ordre de -04\/00\u00b0C sur l\u2019Atlas, 00\/05\u00b0C sur le Rif et l\u2019Oriental, 05\/11\u00b0C sur\u00a0le Nord, le Centre et les versants sud-est et de 12\/17\u00b0C sur le Sud.<\/p>\n<p align=\"justify\">\u2013 Temp\u00e9ratures maximales en hausse.<\/p>\n<p>\u2013 Mer belle \u00e0 peu agit\u00e9e sur la M\u00e9diterran\u00e9e et le D\u00e9troit, peu agit\u00e9e \u00e0 agit\u00e9e entre Tanger et Casablanca et agit\u00e9e \u00e0 forte entre Casablanca et Tarfaya.<\/p>\n<p>The post <a rel=\"nofollow\" href=\"https:\/\/www.mapmarrakech.ma\/fr\/previsions-meteorologiques-pour-le-mercredi-16-fevrier-2022\/\">Pr\u00e9visions m\u00e9t\u00e9orologiques pour le mercredi 16 f\u00e9vrier 2022<\/a> appeared first on <a rel=\"nofollow\" href=\"https:\/\/www.mapmarrakech.ma\/fr\">MapMarrakech<\/a>.<\/p>\n<\/div>\n<p>Auteur: Meriem IGASS<br \/>\n<a href=\"https:\/\/www.mapmarrakech.ma\/fr\/previsions-meteorologiques-pour-le-mercredi-16-fevrier-2022\/\">Cliquez ici pour lire l&rsquo;article depuis sa source.<\/a><\/p>\n","protected":false},"excerpt":{"rendered":"<p>\u2013 Temps assez froid et gel\u00e9e locale, la matin\u00e9e et la nuit, sur les montagnes, le Sud-Est, l\u2019Oriental, Oulm\u00e8s et le\u00a0plateau des Phosphates. \u2013 Quelques formations brumeuses sur les c\u00f4tes nord et le nord des provinces du Sud. \u2013 Chasse-poussi\u00e8res locales sur l\u2019int\u00e9rieur des provinces du Sud. \u2013 Vent assez fort de secteur est sur [&hellip;]<\/p>\n","protected":false},"author":1788,"featured_media":0,"comment_status":"closed","ping_status":"closed","sticky":false,"template":"","format":"standard","meta":{"fifu_image_url":"https:\/\/www.mapmarrakech.ma\/map\/uploads\/2022\/02\/soleil-1.jpg","fifu_image_alt":"Pr\u00e9visions m\u00e9t\u00e9orologiques pour le mercredi 16 f\u00e9vrier 2022","footnotes":""},"categories":[54,76],"tags":[],"class_list":["post-140904","post","type-post","status-publish","format-standard","hentry","category-maroc","category-regions"],"_links":{"self":[{"href":"https:\/\/linitiative.ca\/International\/wp-json\/wp\/v2\/posts\/140904","targetHints":{"allow":["GET"]}}],"collection":[{"href":"https:\/\/linitiative.ca\/International\/wp-json\/wp\/v2\/posts"}],"about":[{"href":"https:\/\/linitiative.ca\/International\/wp-json\/wp\/v2\/types\/post"}],"author":[{"embeddable":true,"href":"https:\/\/linitiative.ca\/International\/wp-json\/wp\/v2\/users\/1788"}],"replies":[{"embeddable":true,"href":"https:\/\/linitiative.ca\/International\/wp-json\/wp\/v2\/comments?post=140904"}],"version-history":[{"count":0,"href":"https:\/\/linitiative.ca\/International\/wp-json\/wp\/v2\/posts\/140904\/revisions"}],"wp:attachment":[{"href":"https:\/\/linitiative.ca\/International\/wp-json\/wp\/v2\/media?parent=140904"}],"wp:term":[{"taxonomy":"category","embeddable":true,"href":"https:\/\/linitiative.ca\/International\/wp-json\/wp\/v2\/categories?post=140904"},{"taxonomy":"post_tag","embeddable":true,"href":"https:\/\/linitiative.ca\/International\/wp-json\/wp\/v2\/tags?post=140904"}],"curies":[{"name":"wp","href":"https:\/\/api.w.org\/{rel}","templated":true}]}}