{"id":140906,"date":"2022-02-15T10:13:38","date_gmt":"2022-02-15T15:13:38","guid":{"rendered":"https:\/\/linitiative.ca\/International\/la-situation-epidemiologique-passe-au-niveau-de-vigilance-orange\/"},"modified":"2022-02-15T10:13:38","modified_gmt":"2022-02-15T15:13:38","slug":"la-situation-epidemiologique-passe-au-niveau-de-vigilance-orange","status":"publish","type":"post","link":"https:\/\/linitiative.ca\/International\/la-situation-epidemiologique-passe-au-niveau-de-vigilance-orange\/","title":{"rendered":"La situation \u00e9pid\u00e9miologique passe au niveau de vigilance orange"},"content":{"rendered":"<div>\n<div style=\"margin-bottom:20px;\"><img loading=\"lazy\" decoding=\"async\" width=\"750\" height=\"430\" src=\"https:\/\/linitiative.ca\/International\/wp-content\/uploads\/sites\/23\/2022\/02\/Mouad-Mrabet-copier-4.jpg\" class=\"attachment-post-thumbnail size-post-thumbnail wp-post-image\" alt=\"\" srcset=\"https:\/\/linitiative.ca\/International\/wp-content\/uploads\/sites\/23\/2022\/02\/Mouad-Mrabet-copier-4.jpg 750w, https:\/\/www.mapmarrakech.ma\/map\/uploads\/2022\/02\/Mouad-Mrabet-copier-4-300x172.jpg 300w\" sizes=\"auto, (max-width: 750px) 100vw, 750px\"><\/div>\n<p>Apr\u00e8s 5 semaines de hausse continue, le Maroc est pass\u00e9 \u00e0 un niveau de vigilance \u00ab\u00a0orange\u00a0\u00bb caract\u00e9ris\u00e9 par un taux moyen de contaminations au Covid-19 durant cette p\u00e9riode, a-t-on indiqu\u00e9 dans le bilan bimensuel de la situation \u00e9pid\u00e9mique (31 janvier\/14 f\u00e9vrier 2022), pr\u00e9sent\u00e9 par le coordonnateur du Centre national des op\u00e9rations d\u2019urgence de sant\u00e9 publique, Mouad Mrabet.<\/p>\n<p>Le Maroc semble bient\u00f4t entrer dans une phase de faible circulation du virus, sans pour autant atteindre \u00ab\u00a0le niveau z\u00e9ro\u00a0\u00bb, a estim\u00e9 le responsable, notant que le maladie continuera \u00e0 se propager dans une moindre ampleur, avec de possibles cas graves et d\u00e9c\u00e8s.<\/p>\n<p>Selon le dispositif de veille g\u00e9nomique du SARS-CoV2 mis en place par le minist\u00e8re, la totalit\u00e9 des nouvelles contaminations concernent le nouveau variant du Covid-19, a relev\u00e9 M. Mrabet, ajoutant que le taux de positivit\u00e9 des tests de d\u00e9pistage est pass\u00e9 de 14,9% \u00e0 7% la semaine derni\u00e8re, le plus faible depuis six semaines.<\/p>\n<p>Le taux de reproduction du virus au niveau national est de 0,8, tout en \u00e9tant inf\u00e9rieur \u00e0 1 dans toutes les r\u00e9gions du Royaume, a-t-il relev\u00e9, tandis quel les admissions en r\u00e9animation et aux soins intensifs ont diminu\u00e9, quant \u00e0 elles, de 29% les deux derni\u00e8res semaines.<\/p>\n<p>S\u2019agissant du nombre de d\u00e9c\u00e8s enregistr\u00e9 durant cette quinzaine, M. Mrabet a mis en avant la baisse significative du nombre de d\u00e9c\u00e8s (-18,6%), pr\u00e9cisant que 188 d\u00e9c\u00e8s ont \u00e9t\u00e9 enregistr\u00e9s au cours de la p\u00e9riode de r\u00e9f\u00e9rence.<\/p>\n<p>\u00c9voquant la campagne nationale de vaccination, il a fait part d\u2019un taux de 67,4% pour les primo-vaccin\u00e9s, 63,1% pour la deuxi\u00e8me dose et 14,1% pour la dose de rappel.<\/p>\n<p>Le minist\u00e8re a r\u00e9it\u00e9r\u00e9, \u00e0 nouveau, son appel aux citoyens pour \u00e9viter tout rel\u00e2chement, poursuivre le strict respect des mesures pr\u00e9ventives en vigueur et adh\u00e9rer massivement \u00e0 la campagne de vaccination, surtout la troisi\u00e8me dose qui contribuera au renforcement de l\u2019immunit\u00e9 pour les petits et les grands.<\/p>\n<p>The post <a rel=\"nofollow\" href=\"https:\/\/www.mapmarrakech.ma\/fr\/la-situation-epidemiologique-passe-au-niveau-de-vigilance-orange\/\">La situation \u00e9pid\u00e9miologique passe au niveau de vigilance orange<\/a> appeared first on <a rel=\"nofollow\" href=\"https:\/\/www.mapmarrakech.ma\/fr\">MapMarrakech<\/a>.<\/p>\n<\/div>\n<p>Auteur: Meriem IGASS<br \/>\n<a href=\"https:\/\/www.mapmarrakech.ma\/fr\/la-situation-epidemiologique-passe-au-niveau-de-vigilance-orange\/\">Cliquez ici pour lire l&rsquo;article depuis sa source.<\/a><\/p>\n","protected":false},"excerpt":{"rendered":"<p>Apr\u00e8s 5 semaines de hausse continue, le Maroc est pass\u00e9 \u00e0 un niveau de vigilance \u00ab\u00a0orange\u00a0\u00bb caract\u00e9ris\u00e9 par un taux moyen de contaminations au Covid-19 durant cette p\u00e9riode, a-t-on indiqu\u00e9 dans le bilan bimensuel de la situation \u00e9pid\u00e9mique (31 janvier\/14 f\u00e9vrier 2022), pr\u00e9sent\u00e9 par le coordonnateur du Centre national des op\u00e9rations d\u2019urgence de sant\u00e9 publique, [&hellip;]<\/p>\n","protected":false},"author":1788,"featured_media":0,"comment_status":"closed","ping_status":"closed","sticky":false,"template":"","format":"standard","meta":{"fifu_image_url":"https:\/\/www.mapmarrakech.ma\/map\/uploads\/2022\/02\/Mouad-Mrabet-copier-4.jpg","fifu_image_alt":"La situation \u00e9pid\u00e9miologique passe au niveau de vigilance orange","footnotes":""},"categories":[54,76],"tags":[],"class_list":["post-140906","post","type-post","status-publish","format-standard","hentry","category-maroc","category-regions"],"_links":{"self":[{"href":"https:\/\/linitiative.ca\/International\/wp-json\/wp\/v2\/posts\/140906","targetHints":{"allow":["GET"]}}],"collection":[{"href":"https:\/\/linitiative.ca\/International\/wp-json\/wp\/v2\/posts"}],"about":[{"href":"https:\/\/linitiative.ca\/International\/wp-json\/wp\/v2\/types\/post"}],"author":[{"embeddable":true,"href":"https:\/\/linitiative.ca\/International\/wp-json\/wp\/v2\/users\/1788"}],"replies":[{"embeddable":true,"href":"https:\/\/linitiative.ca\/International\/wp-json\/wp\/v2\/comments?post=140906"}],"version-history":[{"count":0,"href":"https:\/\/linitiative.ca\/International\/wp-json\/wp\/v2\/posts\/140906\/revisions"}],"wp:attachment":[{"href":"https:\/\/linitiative.ca\/International\/wp-json\/wp\/v2\/media?parent=140906"}],"wp:term":[{"taxonomy":"category","embeddable":true,"href":"https:\/\/linitiative.ca\/International\/wp-json\/wp\/v2\/categories?post=140906"},{"taxonomy":"post_tag","embeddable":true,"href":"https:\/\/linitiative.ca\/International\/wp-json\/wp\/v2\/tags?post=140906"}],"curies":[{"name":"wp","href":"https:\/\/api.w.org\/{rel}","templated":true}]}}