{"id":140908,"date":"2022-02-15T10:43:46","date_gmt":"2022-02-15T15:43:46","guid":{"rendered":"https:\/\/linitiative.ca\/International\/un-engagement-fort-pour-la-promotion-de-lentrepreneuriat-feminin\/"},"modified":"2022-02-15T10:43:46","modified_gmt":"2022-02-15T15:43:46","slug":"un-engagement-fort-pour-la-promotion-de-lentrepreneuriat-feminin","status":"publish","type":"post","link":"https:\/\/linitiative.ca\/International\/un-engagement-fort-pour-la-promotion-de-lentrepreneuriat-feminin\/","title":{"rendered":"Un engagement fort pour la promotion de l\u2019entrepreneuriat f\u00e9minin"},"content":{"rendered":"<div>\n<div style=\"margin-bottom:20px;\"><img loading=\"lazy\" decoding=\"async\" width=\"750\" height=\"430\" src=\"https:\/\/linitiative.ca\/International\/wp-content\/uploads\/sites\/23\/2022\/02\/produits-bio-al-haouz-INDH-copier-1.jpg\" class=\"attachment-post-thumbnail size-post-thumbnail wp-post-image\" alt=\"\" srcset=\"https:\/\/linitiative.ca\/International\/wp-content\/uploads\/sites\/23\/2022\/02\/produits-bio-al-haouz-INDH-copier-1.jpg 750w, https:\/\/www.mapmarrakech.ma\/map\/uploads\/2022\/02\/produits-bio-al-haouz-INDH-copier-1-300x172.jpg 300w\" sizes=\"auto, (max-width: 750px) 100vw, 750px\"><\/div>\n<div>\n<p>Alors qu\u2019elle pr\u00e9parait son Master en Droit \u00e0 la Facult\u00e9 des Sciences Juridiques, \u00c9conomiques et Sociales de l\u2019Universit\u00e9 Cadi Ayyad de Marrakech, Mme Fadoua Labied a d\u00e9cid\u00e9 d\u2019abandonner son parcours acad\u00e9mique pour laisser exprimer sa fibre entrepreneuriale et vivre sa propre aventure, celle qui lui tenait tant \u00e0 c\u0153ur depuis des ann\u00e9es.<\/p>\n<p>C\u2019est ainsi, qu\u2019en 2018 elle d\u00e9cidait de lancer sa soci\u00e9t\u00e9, avec comme credo \u00ab\u00a0Naturalit\u00e9, Efficacit\u00e9, Responsabilit\u00e9\u00a0\u00bb. Depuis, sa soci\u00e9t\u00e9 n\u2019a cess\u00e9 de proposer une large gamme de produits cosm\u00e9tiques \u00ab\u00a0Bio\u00a0\u00bb de quoi contribuer, remarquablement, \u00e0 la valorisation des produits du terroir, notamment l\u2019huile d\u2019argan.<\/p>\n<p>La devise de cette jeune entrepreneure qui croit dur comme fer dans l\u2019importance du s\u00e9rieux et de l\u2019engagement, n\u2019est autre que les meilleurs produits aux meilleurs prix en osant la garantie : \u00ab\u00a0satisfait ou rembours\u00e9\u00a0\u00bb.<\/p>\n<p>N\u00e9anmoins, le succ\u00e8s de la jeune entrepreneure n\u2019\u00e9tait nullement une entreprise ais\u00e9e. Elle dit avoir rencontr\u00e9 plusieurs difficult\u00e9s d\u2019ordre financier, technique, et humain\u2026.., en d\u00e9cidant de les affronter, avec beaucoup de courage, de patience, de pers\u00e9v\u00e9rance et d\u2019optimisme.<\/p>\n<p>\u00ab\u00a0Je n\u2019avais pas les comp\u00e9tences techniques ni manag\u00e9riales pour mener \u00e0 bien ce projet qui trottait dans ma t\u00eate depuis mes ann\u00e9es de facult\u00e9. Je manquais \u00e9galement de ressources financi\u00e8res pour l\u2019acquisition des \u00e9quipements modernes\u00a0\u00bb, a affirm\u00e9 Mme Labied dans une d\u00e9claration \u00e0 M24, la cha\u00eene t\u00e9l\u00e9vis\u00e9e de l\u2019information en continu de la MAP.<\/p>\n<p>\u00ab\u00a0Gr\u00e2ce \u00e0 l\u2019intervention de l\u2019INDH, j\u2019ai pu b\u00e9n\u00e9ficier d\u2019une contribution de 100.000 DH, d\u00e9di\u00e9s int\u00e9gralement \u00e0 l\u2019achat d\u2019\u00e9quipements, ainsi que d\u2019un accompagnement technique et manag\u00e9rial en tout temps pour la concr\u00e9tisation dans les faits de l\u2019ensemble des objectifs de ce projet\u00a0\u00bb, s\u2019est-elle f\u00e9licit\u00e9e.<\/p>\n<p>Invitant les jeunes, notamment les femmes, \u00e0 b\u00e9n\u00e9ficier de l\u2019accompagnement de ce grand chantier Royal, qui a un fort impact sur la promotion de l\u2019entrepreneuriat et sa conjugaison au f\u00e9minin, et sur la cr\u00e9ation d\u2019emplois, la jeune entrepreneure a mis en relief le g\u00e9nie et la philosophie de l\u2019INDH, qui \u00ab\u00a0a fait de son r\u00eave une r\u00e9alit\u00e9 palpable\u00a0\u00bb.<\/p>\n<p>Pour sa part, M. Zakaria Issil, formateur\/accompagnateur \u00e0 la Fondation Moubadara pour les Jeunes et l\u2019Entrepreneuriat, a relev\u00e9 que Mme Labied a b\u00e9n\u00e9fici\u00e9 d\u2019une formation de 40 heures, qui lui a permis de renforcer davantage ses comp\u00e9tences techniques et manag\u00e9riales, ajoutant que la Fondation assure toujours son accompagnement technique post-cr\u00e9ation afin de l\u2019aider \u00e0 surmonter les difficult\u00e9s inh\u00e9rentes \u00e0 la cr\u00e9ation d\u2019entreprise et \u00e0 atteindre l\u2019ensemble des objectifs escompt\u00e9s.<\/p>\n<p>\u00ab\u00a0L\u2019accompagnement post-cr\u00e9ation pour ce projet durera 24 mois, une p\u00e9riode durant laquelle, nous allons apporter toute notre expertise pour assurer le succ\u00e8s de ce projet, qui contribue fortement \u00e0 la valorisation des produits de terroir\u00a0\u00bb, a soutenu M. Issil, notant que la Fondation \u0153uvre en partenariat avec l\u2019INDH pour la promotion de l\u2019entrepreneuriat aupr\u00e8s des jeunes et \u00e0 la cr\u00e9ation d\u2019emplois.<\/p>\n<p>Intitul\u00e9 \u00ab\u00a0Am\u00e9lioration du revenu et inclusion \u00e9conomique des jeunes\u00a0\u00bb, le programme 3 de l\u2019INDH vise \u00e0 apporter un accompagnement au profit des porteurs de projets afin de promouvoir l\u2019inclusion \u00e9conomique des jeunes et des femmes, en leur offrant des opportunit\u00e9s d\u2019emploi et d\u2019auto-emploi.<\/p>\n<p>En 2020, une enveloppe budg\u00e9taire estim\u00e9e \u00e0 pr\u00e8s de 10,4 millions de DH a \u00e9t\u00e9 consacr\u00e9e au financement de projets retenus dans le cadre de ce programme au niveau de la province d\u2019Al Haouz.<\/p>\n<p>La contribution de l\u2019INDH au financement de ces projets s\u2019est \u00e9lev\u00e9e \u00e0 4,9 millions de DH, soit pr\u00e8s de 50% du co\u00fbt global, alors que les jeunes porteurs de projets ont contribu\u00e9 \u00e0 hauteur de 4,4 millions de DH, selon les donn\u00e9es de la Division de l\u2019Action Sociale (DAS) relevant de la province d\u2019Al Haouz.<\/p>\n<p>Dans le cadre de la mise en \u0153uvre du programme 3, le nombre de jeunes accompagn\u00e9s en phase de pr\u00e9-cr\u00e9ation en 2020, a atteint 237 personnes, d\u00e9passant l\u2019objectif de 10 points, alors que 49 jeunes ont b\u00e9n\u00e9fici\u00e9 d\u2019un accompagnement post-cr\u00e9ation de leurs projets, assurant l\u2019atteinte de l\u2019objectif annuel \u00e0 100%, pr\u00e9cise-t-on de m\u00eame source.<\/p>\n<p>L\u2019accompagnement assur\u00e9 dans le cadre de l\u2019INDH, a concern\u00e9 des projets port\u00e9s par des jeunes dans les secteurs productifs et de services (artisanat, agriculture, tourisme, industrie\u2026), outre des secteurs porteurs, \u00e0 l\u2019instar des nouvelles technologies.<\/p>\n<p>Ces projets, note la m\u00eame source, sont \u00e0 m\u00eame de contribuer \u00e0 cr\u00e9er davantage d\u2019emplois et \u00e0 g\u00e9n\u00e9rer plus de valeur ajout\u00e9e au niveau local, \u00e0 travers l\u2019encouragement de la cr\u00e9ation des tr\u00e8s petites et moyennes entreprises (TPME) et l\u2019am\u00e9lioration des comp\u00e9tences transversales des jeunes.<\/p>\n<p>En ce sens, plusieurs jeunes de la province ont b\u00e9n\u00e9fici\u00e9 de l\u2019accompagnement de l\u2019INDH, dans le cadre de ses trois phases, afin de concr\u00e9tiser leurs id\u00e9es de projets ou d\u00e9velopper leurs activit\u00e9s, selon une approche int\u00e9gr\u00e9e visant \u00e0 am\u00e9liorer l\u2019employabilit\u00e9 des jeunes, \u00e0 cr\u00e9er de la valeur au niveau local, et \u00e0 assurer la p\u00e9rennit\u00e9 des projets.<\/p>\n<\/div>\n<p>The post <a rel=\"nofollow\" href=\"https:\/\/www.mapmarrakech.ma\/fr\/un-engagement-fort-pour-la-promotion-de-lentrepreneuriat-feminin\/\">Un engagement fort pour la promotion de l\u2019entrepreneuriat f\u00e9minin<\/a> appeared first on <a rel=\"nofollow\" href=\"https:\/\/www.mapmarrakech.ma\/fr\">MapMarrakech<\/a>.<\/p>\n<\/div>\n<p>Auteur: Meriem IGASS<br \/>\n<a href=\"https:\/\/www.mapmarrakech.ma\/fr\/un-engagement-fort-pour-la-promotion-de-lentrepreneuriat-feminin\/\">Cliquez ici pour lire l&rsquo;article depuis sa source.<\/a><\/p>\n","protected":false},"excerpt":{"rendered":"<p>Alors qu\u2019elle pr\u00e9parait son Master en Droit \u00e0 la Facult\u00e9 des Sciences Juridiques, \u00c9conomiques et Sociales de l\u2019Universit\u00e9 Cadi Ayyad de Marrakech, Mme Fadoua Labied a d\u00e9cid\u00e9 d\u2019abandonner son parcours acad\u00e9mique pour laisser exprimer sa fibre entrepreneuriale et vivre sa propre aventure, celle qui lui tenait tant \u00e0 c\u0153ur depuis des ann\u00e9es. C\u2019est ainsi, qu\u2019en [&hellip;]<\/p>\n","protected":false},"author":1788,"featured_media":0,"comment_status":"closed","ping_status":"closed","sticky":false,"template":"","format":"standard","meta":{"fifu_image_url":"https:\/\/www.mapmarrakech.ma\/map\/uploads\/2022\/02\/produits-bio-al-haouz-INDH-copier-1.jpg","fifu_image_alt":"Un engagement fort pour la promotion de l\u2019entrepreneuriat f\u00e9minin","footnotes":""},"categories":[54,76],"tags":[],"class_list":["post-140908","post","type-post","status-publish","format-standard","hentry","category-maroc","category-regions"],"_links":{"self":[{"href":"https:\/\/linitiative.ca\/International\/wp-json\/wp\/v2\/posts\/140908","targetHints":{"allow":["GET"]}}],"collection":[{"href":"https:\/\/linitiative.ca\/International\/wp-json\/wp\/v2\/posts"}],"about":[{"href":"https:\/\/linitiative.ca\/International\/wp-json\/wp\/v2\/types\/post"}],"author":[{"embeddable":true,"href":"https:\/\/linitiative.ca\/International\/wp-json\/wp\/v2\/users\/1788"}],"replies":[{"embeddable":true,"href":"https:\/\/linitiative.ca\/International\/wp-json\/wp\/v2\/comments?post=140908"}],"version-history":[{"count":0,"href":"https:\/\/linitiative.ca\/International\/wp-json\/wp\/v2\/posts\/140908\/revisions"}],"wp:attachment":[{"href":"https:\/\/linitiative.ca\/International\/wp-json\/wp\/v2\/media?parent=140908"}],"wp:term":[{"taxonomy":"category","embeddable":true,"href":"https:\/\/linitiative.ca\/International\/wp-json\/wp\/v2\/categories?post=140908"},{"taxonomy":"post_tag","embeddable":true,"href":"https:\/\/linitiative.ca\/International\/wp-json\/wp\/v2\/tags?post=140908"}],"curies":[{"name":"wp","href":"https:\/\/api.w.org\/{rel}","templated":true}]}}