{"id":140913,"date":"2022-02-15T08:12:13","date_gmt":"2022-02-15T13:12:13","guid":{"rendered":"https:\/\/linitiative.ca\/International\/radeej-avancement-des-travaux-de-la-station-sidi-smail\/"},"modified":"2022-02-15T08:12:13","modified_gmt":"2022-02-15T13:12:13","slug":"radeej-avancement-des-travaux-de-la-station-sidi-smail","status":"publish","type":"post","link":"https:\/\/linitiative.ca\/International\/radeej-avancement-des-travaux-de-la-station-sidi-smail\/","title":{"rendered":"RADEEJ: Avancement des travaux de la station Sidi Smail"},"content":{"rendered":"<div>\n<div class=\"field field-name-body field-type-text-with-summary field-label-hidden\">\n<div class=\"field-items\">\n<div class=\"field-item even\" property=\"content:encoded\">\n<p class=\"rtejustify\">Les travaux de r\u00e9alisation de la station de traitement des eaux us\u00e9es de Sidi Smail avancent. Selon la R\u00e9gie autonome intercommunale de distribution d\u2019eau, d\u2019\u00e9lectricit\u00e9 et de gestion d\u2019assainissement liquide des provinces d\u2019El Jadida et de Sidi Bennour (RADEEJ), ce chantier a \u00e9t\u00e9 r\u00e9alis\u00e9 \u00e0 50%. Le projet, dont l&rsquo;investissement atteint 9 millions de DH, jouera un r\u00f4le important dans la r\u00e9duction des effets n\u00e9fastes des eaux us\u00e9es sur l\u2019environnement de la r\u00e9gion, indique la R\u00e9gie.<\/p>\n<\/div>\n<\/div>\n<\/div>\n<\/div>\n<p>Auteur: mbasraoui<br \/>\n<a href=\"https:\/\/www.leconomiste.com\/flash-infos\/radeej-avancement-des-travaux-de-la-station-sidi-smail\">Cliquez ici pour lire l&rsquo;article depuis sa source.<\/a><\/p>\n","protected":false},"excerpt":{"rendered":"<p>Les travaux de r\u00e9alisation de la station de traitement des eaux us\u00e9es de Sidi Smail avancent. Selon la R\u00e9gie autonome intercommunale de distribution d\u2019eau, d\u2019\u00e9lectricit\u00e9 et de gestion d\u2019assainissement liquide des provinces d\u2019El Jadida et de Sidi Bennour (RADEEJ), ce chantier a \u00e9t\u00e9 r\u00e9alis\u00e9 \u00e0 50%. Le projet, dont l&rsquo;investissement atteint 9 millions de DH, [&hellip;]<\/p>\n","protected":false},"author":1763,"featured_media":0,"comment_status":"closed","ping_status":"closed","sticky":false,"template":"","format":"standard","meta":{"fifu_image_url":"","fifu_image_alt":"","footnotes":""},"categories":[78,54],"tags":[],"class_list":["post-140913","post","type-post","status-publish","format-standard","hentry","category-economie","category-maroc"],"_links":{"self":[{"href":"https:\/\/linitiative.ca\/International\/wp-json\/wp\/v2\/posts\/140913","targetHints":{"allow":["GET"]}}],"collection":[{"href":"https:\/\/linitiative.ca\/International\/wp-json\/wp\/v2\/posts"}],"about":[{"href":"https:\/\/linitiative.ca\/International\/wp-json\/wp\/v2\/types\/post"}],"author":[{"embeddable":true,"href":"https:\/\/linitiative.ca\/International\/wp-json\/wp\/v2\/users\/1763"}],"replies":[{"embeddable":true,"href":"https:\/\/linitiative.ca\/International\/wp-json\/wp\/v2\/comments?post=140913"}],"version-history":[{"count":0,"href":"https:\/\/linitiative.ca\/International\/wp-json\/wp\/v2\/posts\/140913\/revisions"}],"wp:attachment":[{"href":"https:\/\/linitiative.ca\/International\/wp-json\/wp\/v2\/media?parent=140913"}],"wp:term":[{"taxonomy":"category","embeddable":true,"href":"https:\/\/linitiative.ca\/International\/wp-json\/wp\/v2\/categories?post=140913"},{"taxonomy":"post_tag","embeddable":true,"href":"https:\/\/linitiative.ca\/International\/wp-json\/wp\/v2\/tags?post=140913"}],"curies":[{"name":"wp","href":"https:\/\/api.w.org\/{rel}","templated":true}]}}