{"id":140914,"date":"2022-02-15T08:33:24","date_gmt":"2022-02-15T13:33:24","guid":{"rendered":"https:\/\/linitiative.ca\/International\/covid-19-les-contaminations-au-variant-omicron-baissent-de-moitie\/"},"modified":"2022-02-15T08:33:24","modified_gmt":"2022-02-15T13:33:24","slug":"covid-19-les-contaminations-au-variant-omicron-baissent-de-moitie","status":"publish","type":"post","link":"https:\/\/linitiative.ca\/International\/covid-19-les-contaminations-au-variant-omicron-baissent-de-moitie\/","title":{"rendered":"Covid-19: Les contaminations au variant \u00ab\u00a0Omicron\u00a0\u00bb baissent de moiti\u00e9"},"content":{"rendered":"<div>\n<div class=\"field field-name-body field-type-text-with-summary field-label-hidden\">\n<div class=\"field-items\">\n<div class=\"field-item even\" property=\"content:encoded\">\n<p class=\"rtejustify\">La situation \u00e9pid\u00e9miologique au Maroc est pass\u00e9, la semaine derni\u00e8re (7-13 f\u00e9vrier), du niveau de vigilance \u00ab\u00a0rouge\u00a0\u00bb \u00e0 \u00ab\u00a0orange\u00a0\u00bb, a assur\u00e9 mardi, le minist\u00e8re de la Sant\u00e9 et de la Protection Sociale.<\/p>\n<\/div>\n<\/div>\n<\/div>\n<\/div>\n<p>Auteur: mbasraoui<br \/>\n<a href=\"https:\/\/www.leconomiste.com\/flash-infos\/covid-19-les-contaminations-au-variant-omicron-baissent-de-moitie\">Cliquez ici pour lire l&rsquo;article depuis sa source.<\/a><\/p>\n","protected":false},"excerpt":{"rendered":"<p>La situation \u00e9pid\u00e9miologique au Maroc est pass\u00e9, la semaine derni\u00e8re (7-13 f\u00e9vrier), du niveau de vigilance \u00ab\u00a0rouge\u00a0\u00bb \u00e0 \u00ab\u00a0orange\u00a0\u00bb, a assur\u00e9 mardi, le minist\u00e8re de la Sant\u00e9 et de la Protection Sociale. Auteur: mbasraoui Cliquez ici pour lire l&rsquo;article depuis sa source.<\/p>\n","protected":false},"author":1763,"featured_media":0,"comment_status":"closed","ping_status":"closed","sticky":false,"template":"","format":"standard","meta":{"fifu_image_url":"","fifu_image_alt":"","footnotes":""},"categories":[78,54],"tags":[],"class_list":["post-140914","post","type-post","status-publish","format-standard","hentry","category-economie","category-maroc"],"_links":{"self":[{"href":"https:\/\/linitiative.ca\/International\/wp-json\/wp\/v2\/posts\/140914","targetHints":{"allow":["GET"]}}],"collection":[{"href":"https:\/\/linitiative.ca\/International\/wp-json\/wp\/v2\/posts"}],"about":[{"href":"https:\/\/linitiative.ca\/International\/wp-json\/wp\/v2\/types\/post"}],"author":[{"embeddable":true,"href":"https:\/\/linitiative.ca\/International\/wp-json\/wp\/v2\/users\/1763"}],"replies":[{"embeddable":true,"href":"https:\/\/linitiative.ca\/International\/wp-json\/wp\/v2\/comments?post=140914"}],"version-history":[{"count":0,"href":"https:\/\/linitiative.ca\/International\/wp-json\/wp\/v2\/posts\/140914\/revisions"}],"wp:attachment":[{"href":"https:\/\/linitiative.ca\/International\/wp-json\/wp\/v2\/media?parent=140914"}],"wp:term":[{"taxonomy":"category","embeddable":true,"href":"https:\/\/linitiative.ca\/International\/wp-json\/wp\/v2\/categories?post=140914"},{"taxonomy":"post_tag","embeddable":true,"href":"https:\/\/linitiative.ca\/International\/wp-json\/wp\/v2\/tags?post=140914"}],"curies":[{"name":"wp","href":"https:\/\/api.w.org\/{rel}","templated":true}]}}