{"id":140915,"date":"2022-02-15T08:44:52","date_gmt":"2022-02-15T13:44:52","guid":{"rendered":"https:\/\/linitiative.ca\/International\/tramway-rabat-sale-mise-en-service-des-extensions-du-reseau\/"},"modified":"2022-02-15T08:44:52","modified_gmt":"2022-02-15T13:44:52","slug":"tramway-rabat-sale-mise-en-service-des-extensions-du-reseau","status":"publish","type":"post","link":"https:\/\/linitiative.ca\/International\/tramway-rabat-sale-mise-en-service-des-extensions-du-reseau\/","title":{"rendered":"Tramway Rabat-Sal\u00e9: mise en service des extensions du r\u00e9seau"},"content":{"rendered":"<div>\n<div class=\"field field-name-body field-type-text-with-summary field-label-hidden\">\n<div class=\"field-items\">\n<div class=\"field-item even\" property=\"content:encoded\">\n<p class=\"rtejustify\">Les extensions de la ligne 2 du tramway de Rabat-Sal\u00e9 entreront en service mercredi 16 f\u00e9vrier, a annonc\u00e9 la soci\u00e9t\u00e9 du tramway Rabat-Sal\u00e9 (STRS).<\/p>\n<p class=\"rtejustify\">Il s\u2019agit d\u2019un lin\u00e9aire de 7 km et 12 stations suppl\u00e9mentaires, qui permettent de desservir l\u2019arrondissement de Yacoub Al-Mansour \u00e0 Rabat et les quartiers de Hay Moulay Ismail et Al-Karia \u00e0 Sal\u00e9.<\/p>\n<\/div>\n<\/div>\n<\/div>\n<\/div>\n<p>Auteur: mbasraoui<br \/>\n<a href=\"https:\/\/www.leconomiste.com\/flash-infos\/tramway-rabat-sale-mise-en-service-des-extensions-du-reseau\">Cliquez ici pour lire l&rsquo;article depuis sa source.<\/a><\/p>\n","protected":false},"excerpt":{"rendered":"<p>Les extensions de la ligne 2 du tramway de Rabat-Sal\u00e9 entreront en service mercredi 16 f\u00e9vrier, a annonc\u00e9 la soci\u00e9t\u00e9 du tramway Rabat-Sal\u00e9 (STRS). Il s\u2019agit d\u2019un lin\u00e9aire de 7 km et 12 stations suppl\u00e9mentaires, qui permettent de desservir l\u2019arrondissement de Yacoub Al-Mansour \u00e0 Rabat et les quartiers de Hay Moulay Ismail et Al-Karia \u00e0 [&hellip;]<\/p>\n","protected":false},"author":1763,"featured_media":0,"comment_status":"closed","ping_status":"closed","sticky":false,"template":"","format":"standard","meta":{"fifu_image_url":"","fifu_image_alt":"","footnotes":""},"categories":[78,54],"tags":[],"class_list":["post-140915","post","type-post","status-publish","format-standard","hentry","category-economie","category-maroc"],"_links":{"self":[{"href":"https:\/\/linitiative.ca\/International\/wp-json\/wp\/v2\/posts\/140915","targetHints":{"allow":["GET"]}}],"collection":[{"href":"https:\/\/linitiative.ca\/International\/wp-json\/wp\/v2\/posts"}],"about":[{"href":"https:\/\/linitiative.ca\/International\/wp-json\/wp\/v2\/types\/post"}],"author":[{"embeddable":true,"href":"https:\/\/linitiative.ca\/International\/wp-json\/wp\/v2\/users\/1763"}],"replies":[{"embeddable":true,"href":"https:\/\/linitiative.ca\/International\/wp-json\/wp\/v2\/comments?post=140915"}],"version-history":[{"count":0,"href":"https:\/\/linitiative.ca\/International\/wp-json\/wp\/v2\/posts\/140915\/revisions"}],"wp:attachment":[{"href":"https:\/\/linitiative.ca\/International\/wp-json\/wp\/v2\/media?parent=140915"}],"wp:term":[{"taxonomy":"category","embeddable":true,"href":"https:\/\/linitiative.ca\/International\/wp-json\/wp\/v2\/categories?post=140915"},{"taxonomy":"post_tag","embeddable":true,"href":"https:\/\/linitiative.ca\/International\/wp-json\/wp\/v2\/tags?post=140915"}],"curies":[{"name":"wp","href":"https:\/\/api.w.org\/{rel}","templated":true}]}}