{"id":140917,"date":"2022-02-15T10:25:54","date_gmt":"2022-02-15T15:25:54","guid":{"rendered":"https:\/\/linitiative.ca\/International\/covid-19-822-nouveaux-cas-et-18-deces-ce-mardi-15-fevrier\/"},"modified":"2022-02-15T10:25:54","modified_gmt":"2022-02-15T15:25:54","slug":"covid-19-822-nouveaux-cas-et-18-deces-ce-mardi-15-fevrier","status":"publish","type":"post","link":"https:\/\/linitiative.ca\/International\/covid-19-822-nouveaux-cas-et-18-deces-ce-mardi-15-fevrier\/","title":{"rendered":"Covid-19: 822 nouveaux cas et 18 d\u00e9c\u00e8s ce mardi 15 f\u00e9vrier"},"content":{"rendered":"<div>\n<div class=\"field field-name-body field-type-text-with-summary field-label-hidden\">\n<div class=\"field-items\">\n<div class=\"field-item even\" property=\"content:encoded\">\n<p class=\"rtejustify\">Un total de <strong>822<\/strong>\u00a0nouveaux cas d&rsquo;infection au nouveau coronavirus (Covid-19) et de <strong>2.235<\/strong> gu\u00e9risons a \u00e9t\u00e9 enregistr\u00e9 au Maroc au cours des derni\u00e8res 24 heures, a indiqu\u00e9 mardi le minist\u00e8re de la Sant\u00e9 et de la protection sociale. En plus des tests r\u00e9alis\u00e9s au niveau r\u00e9gional\/provincial, <strong>12.508<\/strong> tests antig\u00e9niques rapides ont \u00e9t\u00e9 effectu\u00e9s au niveau des a\u00e9roports chez les voyageurs durant les derni\u00e8res 24 heures.<\/p>\n<\/div>\n<\/div>\n<\/div>\n<\/div>\n<p>Auteur: hgueye<br \/>\n<a href=\"https:\/\/www.leconomiste.com\/flash-infos\/covid-19-nouveaux-cas-et-deces-ce-mardi-15-fevrier\">Cliquez ici pour lire l&rsquo;article depuis sa source.<\/a><\/p>\n","protected":false},"excerpt":{"rendered":"<p>Un total de 822\u00a0nouveaux cas d&rsquo;infection au nouveau coronavirus (Covid-19) et de 2.235 gu\u00e9risons a \u00e9t\u00e9 enregistr\u00e9 au Maroc au cours des derni\u00e8res 24 heures, a indiqu\u00e9 mardi le minist\u00e8re de la Sant\u00e9 et de la protection sociale. En plus des tests r\u00e9alis\u00e9s au niveau r\u00e9gional\/provincial, 12.508 tests antig\u00e9niques rapides ont \u00e9t\u00e9 effectu\u00e9s au niveau [&hellip;]<\/p>\n","protected":false},"author":1763,"featured_media":0,"comment_status":"closed","ping_status":"closed","sticky":false,"template":"","format":"standard","meta":{"fifu_image_url":"","fifu_image_alt":"","footnotes":""},"categories":[78,54],"tags":[],"class_list":["post-140917","post","type-post","status-publish","format-standard","hentry","category-economie","category-maroc"],"_links":{"self":[{"href":"https:\/\/linitiative.ca\/International\/wp-json\/wp\/v2\/posts\/140917","targetHints":{"allow":["GET"]}}],"collection":[{"href":"https:\/\/linitiative.ca\/International\/wp-json\/wp\/v2\/posts"}],"about":[{"href":"https:\/\/linitiative.ca\/International\/wp-json\/wp\/v2\/types\/post"}],"author":[{"embeddable":true,"href":"https:\/\/linitiative.ca\/International\/wp-json\/wp\/v2\/users\/1763"}],"replies":[{"embeddable":true,"href":"https:\/\/linitiative.ca\/International\/wp-json\/wp\/v2\/comments?post=140917"}],"version-history":[{"count":0,"href":"https:\/\/linitiative.ca\/International\/wp-json\/wp\/v2\/posts\/140917\/revisions"}],"wp:attachment":[{"href":"https:\/\/linitiative.ca\/International\/wp-json\/wp\/v2\/media?parent=140917"}],"wp:term":[{"taxonomy":"category","embeddable":true,"href":"https:\/\/linitiative.ca\/International\/wp-json\/wp\/v2\/categories?post=140917"},{"taxonomy":"post_tag","embeddable":true,"href":"https:\/\/linitiative.ca\/International\/wp-json\/wp\/v2\/tags?post=140917"}],"curies":[{"name":"wp","href":"https:\/\/api.w.org\/{rel}","templated":true}]}}