{"id":14092,"date":"2019-02-14T08:50:03","date_gmt":"2019-02-14T13:50:03","guid":{"rendered":"https:\/\/linitiative.ca\/International\/sommet-russie-iran-turquie-pour-faire-avancer-le-reglement-en-syrie\/"},"modified":"2019-02-14T08:50:03","modified_gmt":"2019-02-14T13:50:03","slug":"sommet-russie-iran-turquie-pour-faire-avancer-le-reglement-en-syrie","status":"publish","type":"post","link":"https:\/\/linitiative.ca\/International\/sommet-russie-iran-turquie-pour-faire-avancer-le-reglement-en-syrie\/","title":{"rendered":"Sommet Russie-Iran-Turquie pour faire avancer le r\u00e8glement en Syrie"},"content":{"rendered":"<div readability=\"32\">\n<p>Publi\u00e9 le 14.02.2019 \u00e0 14h50 par AFP<\/p>\n<\/div>\n<div readability=\"149\">\n<p>Les pr\u00e9sidents russe, iranien et turc se r\u00e9unissent jeudi dans le sud de la Russie avec l\u2019objectif d\u2019am\u00e9liorer leur coordination pour trouver un r\u00e8glement au conflit syrien, au moment o\u00f9 le groupe jihadiste Etat islamique (EI) est accul\u00e9 et o\u00f9 Washington pr\u00e9pare son retrait militaire.<\/p>\n<p>La Syrie, o\u00f9 huit ans de conflit ont fait plus de 350.000 morts, se trouve cette semaine au centre d\u2019un intense ballet diplomatique avec une r\u00e9union de la coalition anti-EI \u00e0 Munich et une conf\u00e9rence sur le Proche-Orient \u00e0 Varsovie en pr\u00e9sence du chef de la diplomatie am\u00e9ricaine Mike Pompeo et du Premier ministre isra\u00e9lien Benjamin Netanyahu.<\/p>\n<p>A Sotchi, sur les rives de la mer Noire, Vladimir Poutine et Hassan Rohani, alli\u00e9s de Damas, et Recep Tayyip Erdogan, soutien des rebelles, doivent se concentrer sur les initiatives visant \u00e0 faire avancer le dialogue intersyrien.<\/p>\n<p>\u00ab\u00a0Nous avons parcouru un long chemin\u00a0\u00bb vers le r\u00e8glement du conflit, a d\u00e9clar\u00e9 M. Poutine au d\u00e9but d\u2019une rencontre avec M. Erdogan pr\u00e9c\u00e9dant le d\u00e9but officiel du sommet, appelant son homologue turc \u00e0 y donner une \u00ab\u00a0nouvelle impulsion\u00a0\u00bb.<\/p>\n<p>De son c\u00f4t\u00e9, le pr\u00e9sident turc a estim\u00e9 que le retrait des 2.000 troupes am\u00e9ricaines d\u00e9ploy\u00e9es en Syrie, annonc\u00e9 en d\u00e9cembre par Donald Trump, est \u00ab\u00a0un des d\u00e9fis les plus importants \u00e0 venir\u00a0\u00bb.<\/p>\n<p>Il a ajout\u00e9 que la Russie et la Turquie s\u2019\u00e9taient mis d\u2019accord pour mener des \u00ab\u00a0patrouilles communes\u00a0\u00bb afin de contenir les \u00ab\u00a0groupes radicaux\u00a0\u00bb dans la province d\u2019Idleb (nord-ouest), seule r\u00e9gion syrienne toujours aux mains de rebelles.<\/p>\n<p>Il y a eu un \u00ab\u00a0accord militaire\u00a0\u00bb pour ces patrouilles annonc\u00e9es en septembre, a-t-il ajout\u00e9 sans plus de d\u00e9tails.<\/p>\n<p>M. Erdogan a aussi appel\u00e9 au d\u00e9part des combattants kurdes pr\u00e9sents dans le nord-est de la Syrie. Selon lui, \u00ab\u00a0l\u2019int\u00e9grit\u00e9 territoriale de la Syrie ne pourra pas \u00eatre assur\u00e9e et la r\u00e9gion rendue \u00e0 ses vrais propri\u00e9taires\u00a0\u00bb tant qu\u2019ils seront dans la r\u00e9gion.<\/p>\n<p>Ankara consid\u00e8re les milices kurdes des Unit\u00e9s de protection du peuple (YPG) comme un groupe terroriste. Celles-ci contr\u00f4lent la ville strat\u00e9gique de Minbej et les zones syriennes \u00e0 l\u2019est de l\u2019Euphrate depuis qu\u2019elles en ont exclu les jihadistes de l\u2019EI.<\/p>\n<p>Avec l\u2019appui des combattants arabes des Forces d\u00e9mocratiques syriennes (FDS) et de la coalition am\u00e9ricaine men\u00e9e par Washington, les YPG ont d\u00e9sormais accul\u00e9 les jihadistes de l\u2019EI sur un territoire d\u2019\u00e0 peine plus d\u2019un kilom\u00e8tre carr\u00e9 sur le point de tomber.<\/p>\n<p>\u2013 Divergences \u2013<\/p>\n<p><ins data-revive-zoneid=\"9\" data-revive-id=\"10111e19d28d19d031742ee3b0b33eb0\"\/> <\/p>\n<p>La Russie s\u2019est impos\u00e9e comme un acteur incontournable du conflit depuis le d\u00e9but de son intervention militaire en 2015 en soutien au r\u00e9gime de Bachar al-Assad, qui contr\u00f4le d\u00e9sormais pr\u00e8s des deux tiers du pays.<\/p>\n<p>Le processus d\u2019Astana, lanc\u00e9 \u00e0 l\u2019initiative de Moscou avec l\u2019Iran et la Turquie, a en outre \u00e9clips\u00e9 les n\u00e9gociations parrain\u00e9es par l\u2019ONU, sans parvenir \u00e0 un r\u00e8glement d\u00e9finitif du conflit.<\/p>\n<p>\u00ab\u00a0L\u2019accent sera mis sur le renforcement des efforts visant \u00e0 aboutir \u00e0 un r\u00e8glement politico-diplomatique\u00a0\u00bb, a d\u00e9clar\u00e9 \u00e0 la presse le porte-parole du Kremlin, Dmitri Peskov, avant le d\u00e9but du sommet.<\/p>\n<p>Selon le chef de la diplomatie russe Sergue\u00ef Lavrov, le sommet doit notamment \u00eatre consacr\u00e9 \u00e0 la formation d\u2019un comit\u00e9 devant \u00e9crire une nouvelle Constitution pour la Syrie en vue d\u2019une transition politique.<\/p>\n<p>Fin d\u00e9cembre, l\u2019ONU a admis avoir \u00e9chou\u00e9 \u00e0 former ce comit\u00e9 \u00e0 cause de changements de derni\u00e8re minute exig\u00e9s par Damas. \u00ab\u00a0Mais nous sommes pr\u00eats \u00e0 chercher une issue \u00e0 cette situation (\u2026) nous allons poursuivre le travail\u00a0\u00bb, a assur\u00e9 M. Lavrov mercredi.<\/p>\n<p>Le dernier sommet entre les pr\u00e9sidents iranien, turc et russe, organis\u00e9 en septembre en Iran, avait fait appara\u00eetre au grand jour leurs divergences concernant le sort de la province syrienne d\u2019Idleb (nord-ouest).<\/p>\n<p>Il avait fallu une nouvelle rencontre entre Vladimir Poutine et Recep Tayyip Erdogan pour \u00e9viter l\u2019assaut souhait\u00e9 par le r\u00e9gime syrien sur Idleb: une \u00ab\u00a0zone d\u00e9militaris\u00e9e\u00a0\u00bb russo-turque avait \u00e9t\u00e9 cr\u00e9\u00e9e dans cette enclave o\u00f9 cohabitent des factions rebelles et qui \u00e9chappe encore au contr\u00f4le des forces de Bachar al-Assad.<\/p>\n<p>En vertu de l\u2019accord russo-turc, tous les combattants radicaux, notamment les jihadistes de Hayat Tahrir al-Cham (HTS), domin\u00e9 par l\u2019ex-branche d\u2019Al-Qa\u00efda, devaient se retirer de la zone d\u2019Idleb. Mais le HTS a depuis renforc\u00e9 son emprise et contr\u00f4le \u00ab\u00a0plus de 90% du territoire de l\u2019enclave\u00a0\u00bb selon le chef de la diplomatie russe Sergue\u00ef Lavrov.<\/p>\n<p>Le r\u00e9gime iranien est parall\u00e8lement au coeur de discussions \u00e0 Varsovie, o\u00f9 une conf\u00e9rence sur le Moyen-Orient est organis\u00e9e \u00e0 l\u2019initiative des Etats-Unis. Boud\u00e9e par la majorit\u00e9 des pays europ\u00e9ens, elle est destin\u00e9e \u00e0 intensifier la pression sur l\u2019Iran, dont la pr\u00e9sence en Syrie inqui\u00e8te Washington, Isra\u00ebl et plusieurs pays arabes.<\/p>\n<\/div>\n<p>Auteur: AFP<br \/>\n<a href=\"https:\/\/www.journalducameroun.com\/sommet-russie-iran-turquie-pour-faire-avancer-le-reglement-en-syrie\/\">Cliquez ici pour lire l&rsquo;article depuis sa source.<\/a><\/p>\n","protected":false},"excerpt":{"rendered":"<p>Publi\u00e9 le 14.02.2019 \u00e0 14h50 par AFP Les pr\u00e9sidents russe, iranien et turc se r\u00e9unissent jeudi dans le sud de la Russie avec l\u2019objectif d\u2019am\u00e9liorer leur coordination pour trouver un r\u00e8glement au conflit syrien, au moment o\u00f9 le groupe jihadiste Etat islamique (EI) est accul\u00e9 et o\u00f9 Washington pr\u00e9pare son retrait militaire. La Syrie, o\u00f9 [&hellip;]<\/p>\n","protected":false},"author":1965,"featured_media":0,"comment_status":"closed","ping_status":"closed","sticky":false,"template":"","format":"standard","meta":{"fifu_image_url":"","fifu_image_alt":"","footnotes":""},"categories":[73,82],"tags":[],"class_list":["post-14092","post","type-post","status-publish","format-standard","hentry","category-actualite","category-cameroun"],"_links":{"self":[{"href":"https:\/\/linitiative.ca\/International\/wp-json\/wp\/v2\/posts\/14092","targetHints":{"allow":["GET"]}}],"collection":[{"href":"https:\/\/linitiative.ca\/International\/wp-json\/wp\/v2\/posts"}],"about":[{"href":"https:\/\/linitiative.ca\/International\/wp-json\/wp\/v2\/types\/post"}],"author":[{"embeddable":true,"href":"https:\/\/linitiative.ca\/International\/wp-json\/wp\/v2\/users\/1965"}],"replies":[{"embeddable":true,"href":"https:\/\/linitiative.ca\/International\/wp-json\/wp\/v2\/comments?post=14092"}],"version-history":[{"count":0,"href":"https:\/\/linitiative.ca\/International\/wp-json\/wp\/v2\/posts\/14092\/revisions"}],"wp:attachment":[{"href":"https:\/\/linitiative.ca\/International\/wp-json\/wp\/v2\/media?parent=14092"}],"wp:term":[{"taxonomy":"category","embeddable":true,"href":"https:\/\/linitiative.ca\/International\/wp-json\/wp\/v2\/categories?post=14092"},{"taxonomy":"post_tag","embeddable":true,"href":"https:\/\/linitiative.ca\/International\/wp-json\/wp\/v2\/tags?post=14092"}],"curies":[{"name":"wp","href":"https:\/\/api.w.org\/{rel}","templated":true}]}}