{"id":140929,"date":"2022-02-15T04:17:00","date_gmt":"2022-02-15T09:17:00","guid":{"rendered":"https:\/\/linitiative.ca\/International\/mohamed-ibrahim-hsairi-ou-va-le-maghreb-ou-devrait-il-aller\/"},"modified":"2022-02-15T04:17:00","modified_gmt":"2022-02-15T09:17:00","slug":"mohamed-ibrahim-hsairi-ou-va-le-maghreb-ou-devrait-il-aller","status":"publish","type":"post","link":"https:\/\/linitiative.ca\/International\/mohamed-ibrahim-hsairi-ou-va-le-maghreb-ou-devrait-il-aller\/","title":{"rendered":"Mohamed Ibrahim Hsairi: O\u00f9 va le Maghreb? O\u00f9 devrait-il aller?"},"content":{"rendered":"<div><img decoding=\"async\" src=\"https:\/\/linitiative.ca\/International\/wp-content\/uploads\/sites\/23\/2022\/02\/1644913432_article.jpg\" alt=\"Mohamed Ibrahim Hsairi: O\u00f9 va le Maghreb ? O\u00f9 devrait-il aller ?\" align=\"left\">L\u2019ann\u00e9e 2022 s\u2019est ouverte avec un paysage maghr\u00e9bin qui, malheureusement, continue \u00e0 \u00eatre d\u00e9solant et surtout mena\u00e7ant comme je l\u2019ai d\u00e9crit dans mon article publi\u00e9 sous le titre \u00abZoom sur les d\u00e9fis d\u2019un Maghreb en d\u00e9tresse\u00bb, dans le num\u00e9ro 125 dat\u00e9 du mois d\u2019octobre 2021, de Leaders.\u00a0 Ce paysage est, aujourd\u2019hui, d\u2019autant plus d\u00e9solant et mena\u00e7ant qu\u2019il a tendance \u00e0 se perp\u00e9tuer en l\u2019absence d\u2019une prise de conscience de la gravit\u00e9 des dangers qu\u2019il risque de faire encourir \u00e0 nos pays et \u00e0 notre r\u00e9gion.<br \/>\nNonobstant les situations internes, toutes difficiles, auxquelles ils font face tant sur le plan politique, \u00e9conomique et social, les pays &#8230;<\/p>\n<\/div>\n<p>Auteur:<br \/>\n<a href=\"https:\/\/www.leaders.com.tn\/article\/32970-mohamed-ibrahim-hsairi-ou-va-le-maghreb-ou-devrait-il-aller\">Cliquez ici pour lire l&rsquo;article depuis sa source.<\/a><\/p>\n","protected":false},"excerpt":{"rendered":"<p>L\u2019ann\u00e9e 2022 s\u2019est ouverte avec un paysage maghr\u00e9bin qui, malheureusement, continue \u00e0 \u00eatre d\u00e9solant et surtout mena\u00e7ant comme je l\u2019ai d\u00e9crit dans mon article publi\u00e9 sous le titre \u00abZoom sur les d\u00e9fis d\u2019un Maghreb en d\u00e9tresse\u00bb, dans le num\u00e9ro 125 dat\u00e9 du mois d\u2019octobre 2021, de Leaders.\u00a0 Ce paysage est, aujourd\u2019hui, d\u2019autant plus d\u00e9solant et [&hellip;]<\/p>\n","protected":false},"author":1772,"featured_media":0,"comment_status":"closed","ping_status":"closed","sticky":false,"template":"","format":"standard","meta":{"fifu_image_url":"http:\/\/www.leaders.com.tn\/uploads\/content\/thumbnails_small\/1644913432_article.jpg","fifu_image_alt":"Mohamed Ibrahim Hsairi: O\u00f9 va le Maghreb? O\u00f9 devrait-il aller?","footnotes":""},"categories":[73,55],"tags":[],"class_list":["post-140929","post","type-post","status-publish","format-standard","hentry","category-actualite","category-tunisie"],"_links":{"self":[{"href":"https:\/\/linitiative.ca\/International\/wp-json\/wp\/v2\/posts\/140929","targetHints":{"allow":["GET"]}}],"collection":[{"href":"https:\/\/linitiative.ca\/International\/wp-json\/wp\/v2\/posts"}],"about":[{"href":"https:\/\/linitiative.ca\/International\/wp-json\/wp\/v2\/types\/post"}],"author":[{"embeddable":true,"href":"https:\/\/linitiative.ca\/International\/wp-json\/wp\/v2\/users\/1772"}],"replies":[{"embeddable":true,"href":"https:\/\/linitiative.ca\/International\/wp-json\/wp\/v2\/comments?post=140929"}],"version-history":[{"count":0,"href":"https:\/\/linitiative.ca\/International\/wp-json\/wp\/v2\/posts\/140929\/revisions"}],"wp:attachment":[{"href":"https:\/\/linitiative.ca\/International\/wp-json\/wp\/v2\/media?parent=140929"}],"wp:term":[{"taxonomy":"category","embeddable":true,"href":"https:\/\/linitiative.ca\/International\/wp-json\/wp\/v2\/categories?post=140929"},{"taxonomy":"post_tag","embeddable":true,"href":"https:\/\/linitiative.ca\/International\/wp-json\/wp\/v2\/tags?post=140929"}],"curies":[{"name":"wp","href":"https:\/\/api.w.org\/{rel}","templated":true}]}}