{"id":140931,"date":"2022-02-15T13:50:00","date_gmt":"2022-02-15T18:50:00","guid":{"rendered":"https:\/\/linitiative.ca\/International\/tunisie-est-ce-que-le-droit-fonde-lexception\/"},"modified":"2022-02-15T13:50:00","modified_gmt":"2022-02-15T18:50:00","slug":"tunisie-est-ce-que-le-droit-fonde-lexception","status":"publish","type":"post","link":"https:\/\/linitiative.ca\/International\/tunisie-est-ce-que-le-droit-fonde-lexception\/","title":{"rendered":"Tunisie : Est-ce que le droit fonde l\u2019exception?"},"content":{"rendered":"<div><img decoding=\"async\" src=\"https:\/\/linitiative.ca\/International\/wp-content\/uploads\/sites\/23\/2022\/02\/1644947875_article.jpg\" alt=\"Tunisie : Est-ce que le droit fonde l\u2019exception?\" align=\"left\">Mondher Rezgui, Chercheur en Sciences Politiques. Tunis le 14 f\u00e9vrier 2022 &#8211; Dimanche 13 f\u00e9vrier 2022, le n\u00b0 16 du Journal Officiel de la R\u00e9publique Tunisienne fut exceptionnellement publi\u00e9 en weekend portant un texte officiel particuli\u00e8rement controvers\u00e9 : Le d\u00e9cret-loi num\u00e9ro 11-2022 en date du 12 f\u00e9vrier 2022 portant cr\u00e9ation du Conseil Sup\u00e9rieur Provisoire de la Magistrature. Ce texte rev\u00eat une importance capitale non pas par son contenu qui ne fait pas l\u2019objet du pr\u00e9sent article, mais plut\u00f4t par la motivation de sa publication dans les circonstances actuelles, qui traduirait sans nul doute la fin incontestable d\u2019une phase qu\u2019on s\u2019est longtemps efforc\u00e9 de &#8230;<\/p>\n<\/div>\n<p>Auteur:<br \/>\n<a href=\"https:\/\/www.leaders.com.tn\/article\/32972-tunisie-est-ce-que-le-droit-fonde-l-exception\">Cliquez ici pour lire l&rsquo;article depuis sa source.<\/a><\/p>\n","protected":false},"excerpt":{"rendered":"<p>Mondher Rezgui, Chercheur en Sciences Politiques. Tunis le 14 f\u00e9vrier 2022 &#8211; Dimanche 13 f\u00e9vrier 2022, le n\u00b0 16 du Journal Officiel de la R\u00e9publique Tunisienne fut exceptionnellement publi\u00e9 en weekend portant un texte officiel particuli\u00e8rement controvers\u00e9 : Le d\u00e9cret-loi num\u00e9ro 11-2022 en date du 12 f\u00e9vrier 2022 portant cr\u00e9ation du Conseil Sup\u00e9rieur Provisoire de [&hellip;]<\/p>\n","protected":false},"author":1772,"featured_media":0,"comment_status":"closed","ping_status":"closed","sticky":false,"template":"","format":"standard","meta":{"fifu_image_url":"http:\/\/www.leaders.com.tn\/uploads\/content\/thumbnails_small\/1644947875_article.jpg","fifu_image_alt":"Tunisie : Est-ce que le droit fonde l\u2019exception?","footnotes":""},"categories":[73,55],"tags":[],"class_list":["post-140931","post","type-post","status-publish","format-standard","hentry","category-actualite","category-tunisie"],"_links":{"self":[{"href":"https:\/\/linitiative.ca\/International\/wp-json\/wp\/v2\/posts\/140931","targetHints":{"allow":["GET"]}}],"collection":[{"href":"https:\/\/linitiative.ca\/International\/wp-json\/wp\/v2\/posts"}],"about":[{"href":"https:\/\/linitiative.ca\/International\/wp-json\/wp\/v2\/types\/post"}],"author":[{"embeddable":true,"href":"https:\/\/linitiative.ca\/International\/wp-json\/wp\/v2\/users\/1772"}],"replies":[{"embeddable":true,"href":"https:\/\/linitiative.ca\/International\/wp-json\/wp\/v2\/comments?post=140931"}],"version-history":[{"count":0,"href":"https:\/\/linitiative.ca\/International\/wp-json\/wp\/v2\/posts\/140931\/revisions"}],"wp:attachment":[{"href":"https:\/\/linitiative.ca\/International\/wp-json\/wp\/v2\/media?parent=140931"}],"wp:term":[{"taxonomy":"category","embeddable":true,"href":"https:\/\/linitiative.ca\/International\/wp-json\/wp\/v2\/categories?post=140931"},{"taxonomy":"post_tag","embeddable":true,"href":"https:\/\/linitiative.ca\/International\/wp-json\/wp\/v2\/tags?post=140931"}],"curies":[{"name":"wp","href":"https:\/\/api.w.org\/{rel}","templated":true}]}}