{"id":140939,"date":"2022-02-15T11:42:23","date_gmt":"2022-02-15T16:42:23","guid":{"rendered":"https:\/\/linitiative.ca\/International\/les-recettes-marocaines-dimportation-dalcool-et-de-tabac-augmentent-de-24\/"},"modified":"2022-02-15T11:42:23","modified_gmt":"2022-02-15T16:42:23","slug":"les-recettes-marocaines-dimportation-dalcool-et-de-tabac-augmentent-de-24","status":"publish","type":"post","link":"https:\/\/linitiative.ca\/International\/les-recettes-marocaines-dimportation-dalcool-et-de-tabac-augmentent-de-24\/","title":{"rendered":"Les recettes marocaines d\u2019importation d\u2019alcool et de tabac augmentent de 24 %"},"content":{"rendered":"<div><img decoding=\"async\" width=\"1200\" height=\"800\" src=\"https:\/\/linitiative.ca\/International\/wp-content\/uploads\/sites\/23\/2022\/02\/ALCOHOL.jpg\" class=\"attachment-post-thumbnail size-post-thumbnail wp-post-image\" alt=\"\" loading=\"lazy\" srcset=\"https:\/\/linitiative.ca\/International\/wp-content\/uploads\/sites\/23\/2022\/02\/ALCOHOL.jpg 1200w, https:\/\/www.challenge.ma\/wp-content\/uploads\/2022\/02\/ALCOHOL-300x200.jpg 300w, https:\/\/www.challenge.ma\/wp-content\/uploads\/2022\/02\/ALCOHOL-1024x683.jpg 1024w, https:\/\/www.challenge.ma\/wp-content\/uploads\/2022\/02\/ALCOHOL-768x512.jpg 768w, https:\/\/www.challenge.ma\/wp-content\/uploads\/2022\/02\/ALCOHOL-360x240.jpg 360w, https:\/\/www.challenge.ma\/wp-content\/uploads\/2022\/02\/ALCOHOL-750x500.jpg 750w\" sizes=\"auto, (max-width: 1200px) 100vw, 1200px\" itemprop=\"image\">Le minist\u00e8re marocain de l\u2019\u00e9conomie et des finances a fait \u00e9tat d\u2019une augmentation significative des taxes \u00e0 l\u2019importation sur les alcools et les boissons gazeuses ainsi que sur le tabac en 2021, d\u00e9passant ainsi les pr\u00e9visions de la loi financi\u00e8re pour la m\u00eame ann\u00e9e. Au cours de la m\u00eame p\u00e9riode,<\/div>\n<p>Auteur: Azeroual Siham<br \/>\n<a href=\"https:\/\/www.challenge.ma\/les-recettes-marocaines-dimportation-dalcool-et-de-tabac-augmentent-de-24-232716\/\">Cliquez ici pour lire l&rsquo;article depuis sa source.<\/a><\/p>\n","protected":false},"excerpt":{"rendered":"<p>Le minist\u00e8re marocain de l\u2019\u00e9conomie et des finances a fait \u00e9tat d\u2019une augmentation significative des taxes \u00e0 l\u2019importation sur les alcools et les boissons gazeuses ainsi que sur le tabac en 2021, d\u00e9passant ainsi les pr\u00e9visions de la loi financi\u00e8re pour la m\u00eame ann\u00e9e. Au cours de la m\u00eame p\u00e9riode, Auteur: Azeroual Siham Cliquez ici [&hellip;]<\/p>\n","protected":false},"author":1787,"featured_media":0,"comment_status":"closed","ping_status":"closed","sticky":false,"template":"","format":"standard","meta":{"fifu_image_url":"https:\/\/www.challenge.ma\/wp-content\/uploads\/2022\/02\/ALCOHOL.jpg","fifu_image_alt":"Les recettes marocaines d\u2019importation d\u2019alcool et de tabac augmentent de 24 %","footnotes":""},"categories":[78,54],"tags":[],"class_list":["post-140939","post","type-post","status-publish","format-standard","hentry","category-economie","category-maroc"],"_links":{"self":[{"href":"https:\/\/linitiative.ca\/International\/wp-json\/wp\/v2\/posts\/140939","targetHints":{"allow":["GET"]}}],"collection":[{"href":"https:\/\/linitiative.ca\/International\/wp-json\/wp\/v2\/posts"}],"about":[{"href":"https:\/\/linitiative.ca\/International\/wp-json\/wp\/v2\/types\/post"}],"author":[{"embeddable":true,"href":"https:\/\/linitiative.ca\/International\/wp-json\/wp\/v2\/users\/1787"}],"replies":[{"embeddable":true,"href":"https:\/\/linitiative.ca\/International\/wp-json\/wp\/v2\/comments?post=140939"}],"version-history":[{"count":0,"href":"https:\/\/linitiative.ca\/International\/wp-json\/wp\/v2\/posts\/140939\/revisions"}],"wp:attachment":[{"href":"https:\/\/linitiative.ca\/International\/wp-json\/wp\/v2\/media?parent=140939"}],"wp:term":[{"taxonomy":"category","embeddable":true,"href":"https:\/\/linitiative.ca\/International\/wp-json\/wp\/v2\/categories?post=140939"},{"taxonomy":"post_tag","embeddable":true,"href":"https:\/\/linitiative.ca\/International\/wp-json\/wp\/v2\/tags?post=140939"}],"curies":[{"name":"wp","href":"https:\/\/api.w.org\/{rel}","templated":true}]}}