{"id":140944,"date":"2022-02-15T16:10:19","date_gmt":"2022-02-15T21:10:19","guid":{"rendered":"https:\/\/linitiative.ca\/International\/moez-joudi-cher-president-arretez-de-faire-encore-perdre-du-temps-precieux-au-pays\/"},"modified":"2022-02-15T16:10:19","modified_gmt":"2022-02-15T21:10:19","slug":"moez-joudi-cher-president-arretez-de-faire-encore-perdre-du-temps-precieux-au-pays","status":"publish","type":"post","link":"https:\/\/linitiative.ca\/International\/moez-joudi-cher-president-arretez-de-faire-encore-perdre-du-temps-precieux-au-pays\/","title":{"rendered":"Moez Joudi : Cher Pr\u00e9sident, arr\u00eatez de faire encore perdre du temps pr\u00e9cieux au pays !"},"content":{"rendered":"<div>\n<p>Moez Joudi vient de s\u2019exprimer suite \u00e0 la publication de la vid\u00e9o de la Pr\u00e9sidence de la R\u00e9publique de la rencontre entre kais Saied et farid Belhaj. \u00a0Je viens de suivre l\u2019audience accord\u00e9e par le Pr\u00e9sident de la R\u00e9publique \u00e0 M. Ferid Belhaj Vice-pr\u00e9sident de la Banque mondiale. Au lieu de tracer une vision pour [\u2026]<\/p>\n<p>L\u2019article <a href=\"https:\/\/www.tunisienumerique.com\/moez-joudi-cher-president-arretez-de-faire-encore-perdre-du-temps-precieux-au-pays\/\">Moez Joudi : Cher Pr\u00e9sident, arr\u00eatez de faire encore perdre du temps pr\u00e9cieux au pays !<\/a> est apparu en premier sur <a href=\"https:\/\/www.tunisienumerique.com\/\">Tunisie<\/a>.<\/p>\n<\/div>\n<p>Auteur: Tunisie Num\u00e9rique<br \/>\n<a href=\"https:\/\/www.tunisienumerique.com\/moez-joudi-cher-president-arretez-de-faire-encore-perdre-du-temps-precieux-au-pays\/\">Cliquez ici pour lire l&rsquo;article depuis sa source.<\/a><\/p>\n","protected":false},"excerpt":{"rendered":"<p>Moez Joudi vient de s\u2019exprimer suite \u00e0 la publication de la vid\u00e9o de la Pr\u00e9sidence de la R\u00e9publique de la rencontre entre kais Saied et farid Belhaj. \u00a0Je viens de suivre l\u2019audience accord\u00e9e par le Pr\u00e9sident de la R\u00e9publique \u00e0 M. Ferid Belhaj Vice-pr\u00e9sident de la Banque mondiale. Au lieu de tracer une vision pour [&hellip;]<\/p>\n","protected":false},"author":1789,"featured_media":0,"comment_status":"closed","ping_status":"closed","sticky":false,"template":"","format":"standard","meta":{"fifu_image_url":"","fifu_image_alt":"","footnotes":""},"categories":[73,55],"tags":[],"class_list":["post-140944","post","type-post","status-publish","format-standard","hentry","category-actualite","category-tunisie"],"_links":{"self":[{"href":"https:\/\/linitiative.ca\/International\/wp-json\/wp\/v2\/posts\/140944","targetHints":{"allow":["GET"]}}],"collection":[{"href":"https:\/\/linitiative.ca\/International\/wp-json\/wp\/v2\/posts"}],"about":[{"href":"https:\/\/linitiative.ca\/International\/wp-json\/wp\/v2\/types\/post"}],"author":[{"embeddable":true,"href":"https:\/\/linitiative.ca\/International\/wp-json\/wp\/v2\/users\/1789"}],"replies":[{"embeddable":true,"href":"https:\/\/linitiative.ca\/International\/wp-json\/wp\/v2\/comments?post=140944"}],"version-history":[{"count":0,"href":"https:\/\/linitiative.ca\/International\/wp-json\/wp\/v2\/posts\/140944\/revisions"}],"wp:attachment":[{"href":"https:\/\/linitiative.ca\/International\/wp-json\/wp\/v2\/media?parent=140944"}],"wp:term":[{"taxonomy":"category","embeddable":true,"href":"https:\/\/linitiative.ca\/International\/wp-json\/wp\/v2\/categories?post=140944"},{"taxonomy":"post_tag","embeddable":true,"href":"https:\/\/linitiative.ca\/International\/wp-json\/wp\/v2\/tags?post=140944"}],"curies":[{"name":"wp","href":"https:\/\/api.w.org\/{rel}","templated":true}]}}