{"id":140951,"date":"2022-02-15T17:04:11","date_gmt":"2022-02-15T22:04:11","guid":{"rendered":"https:\/\/linitiative.ca\/International\/ecole-nationale-de-police-937-eleves-presentes-au-drapeau\/"},"modified":"2022-02-15T17:04:11","modified_gmt":"2022-02-15T22:04:11","slug":"ecole-nationale-de-police-937-eleves-presentes-au-drapeau","status":"publish","type":"post","link":"https:\/\/linitiative.ca\/International\/ecole-nationale-de-police-937-eleves-presentes-au-drapeau\/","title":{"rendered":"Ecole nationale de police  : 937 \u00e9l\u00e8ves pr\u00e9sent\u00e9s au drapeau"},"content":{"rendered":"<div>\n<h2><strong>L\u2019Ecole nationale de police (ENP) a organis\u00e9, mardi 15 fevrier 2022, \u00e0 Ouagadougou, une c\u00e9r\u00e9monie de pr\u00e9sentation au drapeau suivie du port de passants aux \u00e9l\u00e8ves de la 52e promotion. <\/strong><\/h2>\n<p><img decoding=\"async\" loading=\"lazy\" class=\"size-medium wp-image-45656 alignleft\" src=\"https:\/\/linitiative.ca\/International\/wp-content\/uploads\/sites\/23\/2022\/02\/1-44-300x200-1.jpg\" alt=\"\" width=\"300\" height=\"200\" srcset=\"https:\/\/linitiative.ca\/International\/wp-content\/uploads\/sites\/23\/2022\/02\/1-44-300x200-1.jpg 300w, https:\/\/www.sidwaya.info\/wp-content\/uploads\/2022\/02\/1-44-150x100.jpg 150w, https:\/\/www.sidwaya.info\/wp-content\/uploads\/2022\/02\/1-44.jpg 595w\" sizes=\"auto, (max-width: 300px) 100vw, 300px\">Sur 940 \u00e0 \u00eatre admis \u00e0 la 52e promotion de l\u2019Ecole nationale de police, 937 ont achev\u00e9, avec succ\u00e8s, le premier module de formation militaire de base. Parmi eux, on d\u00e9nombre 749 \u00e9l\u00e8ves de la Police nationale et 188 de la Police municipale. Jug\u00e9s aptes \u00e0 poursuivre le cursus au sein de l\u2019\u00e9tablissement, ils ont \u00e9t\u00e9 pr\u00e9sent\u00e9s au drapeau avant le port de passants, le mardi 15 f\u00e9vrier 2022, \u00e0 Ouagadougou.<\/p>\n<p>C\u2019\u00e9tait au cours d\u2019une c\u00e9r\u00e9monie de prise d\u2019armes pr\u00e9sid\u00e9e par le Secr\u00e9taire g\u00e9n\u00e9ral (SG) du minist\u00e8re de l\u2019Administra-tion territoriale, de la D\u00e9centralisation et de la S\u00e9curit\u00e9, charg\u00e9 de l\u2019exp\u00e9dition des affaires courantes, Si\u00e9 Edgar Sou et de la haute hi\u00e9rarchie polici\u00e8re. Selon le coordonnateur des \u00e9tudes et des stages de l\u2019ENP, le commissaire principal de police Lassina Traor\u00e9, la validation du module consacr\u00e9 \u00e0 la formation militaire de base est soumise \u00e0 l\u2019obtention d\u2019une note sup\u00e9rieure ou \u00e9gale \u00e0 12\/20 dans chaque mati\u00e8re sp\u00e9cifique au module. \u00ab Les mati\u00e8res sp\u00e9cifiques sont des mati\u00e8res ayant un lien direct et un int\u00e9r\u00eat de premier ordre pour l\u2019exercice du m\u00e9tier de policier \u00bb, a-t-il explicit\u00e9. Le commissaire Traor\u00e9 a ajout\u00e9 que la formation dure trois mois et se r\u00e9sume \u00e0 l\u2019apprentissage de l\u2019ordre serr\u00e9, de l\u2019armement, de l\u2019\u00e9cole de soldat, du c\u00e9r\u00e9monial militaire, du combat et du camouflage, de l\u2019hygi\u00e8ne, du secourisme et des techniques d\u2019intervention. Toutefois, a-t-il soulign\u00e9, trois apprenants n\u2019ont pas pu valider le module dont un de la Police nationale et deux de la Police municipale.<\/p>\n<h2><strong>Relever de nouveaux d\u00e9fis<\/strong><\/h2>\n<p>Pour le Directeur g\u00e9n\u00e9ral (DG) de l\u2019ENP, Si\u00e9 Ti\u00e9fi Dabir\u00e9, la formation militaire de base est obligatoire \u00e0 toute recrue ou tout stagiaire admis dans l\u2019\u00e9tablissement. Ainsi, \u00e0 l\u2019issue de cette c\u00e9r\u00e9monie de pr\u00e9sentation au drapeau, a-t-il dit, ces stagiaires pourront d\u00e9sormais se pr\u00e9senter soit comme \u00e9l\u00e8ve sous-officier de Police, inspecteur ou agent \u00e9l\u00e8ve de police municipale. Aux nouveaux promus, Ti\u00e9fi Dabir\u00e9 a pr\u00e9sent\u00e9 les statuts de l\u2019ENP, cr\u00e9\u00e9e depuis 1970.<\/p>\n<p>Il a aussi fait savoir que le drapeau auquel ils ont \u00e9t\u00e9 pr\u00e9sent\u00e9s est l\u2019un des principaux symboles de l\u2019Etat et traduit aussi la communaut\u00e9 de vie \u00e0 laquelle ils appartiennent mais, bien plus les sacrifices consentis pour la souverainet\u00e9 du pays. Les invitant \u00e0 la solidarit\u00e9 tout le long de leur formation, le DG de l\u2019ENP a rappel\u00e9 aux stagiaires le respect du r\u00e8glement int\u00e9rieur de l\u2019\u00e9cole. \u00ab J\u2019insiste sur le respect strict de ce r\u00e8glement int\u00e9rieur parce que nous ne t\u00f4lerons pas l\u2019indiscipline \u00bb, a martel\u00e9 Si\u00e9 Ti\u00e9fi Dabir\u00e9. Le SG du minist\u00e8re en charge de la s\u00e9curit\u00e9, charg\u00e9 de l\u2019exp\u00e9dition des affaires courantes, Si\u00e9 Edgar Sou, a f\u00e9licit\u00e9 les passants de cette 52e promotion pour les r\u00e9sultats atteints. Pour lui, au-del\u00e0 de la symbolique de pr\u00e9sentation au drapeau, c\u2019est un acte fort qui va ouvrir la voie \u00e0 des d\u00e9fis nouveaux auxquels ils feront face. \u00ab Je profite de ces instants pour les appeler \u00e0 \u00eatre plus vigilants, surtout \u00e0 se dire que le droit \u00e0 la pr\u00e9sentation au drapeau et au port du passant leur donne d\u00e9sormais des obligations vis-\u00e0-vis des populations \u00bb, a declar\u00e9 M. Sou.<\/p>\n<p style=\"text-align: right\"><strong> Souma\u00efla BONKOUNGOU<\/strong><\/p>\n<p>L\u2019article <a rel=\"nofollow\" href=\"https:\/\/www.sidwaya.info\/blog\/2022\/02\/15\/ecole-nationale-de-police-937-eleves-presentes-au-drapeau\/\">Ecole nationale de police  : 937 \u00e9l\u00e8ves pr\u00e9sent\u00e9s au drapeau<\/a> est apparu en premier sur <a rel=\"nofollow\" href=\"https:\/\/www.sidwaya.info\/\">Quotidien Sidwaya<\/a>.<\/p>\n<\/div>\n<p>Auteur: JK. Sidwaya<br \/>\n<a href=\"https:\/\/www.sidwaya.info\/blog\/2022\/02\/15\/ecole-nationale-de-police-937-eleves-presentes-au-drapeau\/?utm_source=rss&#038;utm_medium=rss&#038;utm_campaign=ecole-nationale-de-police-937-eleves-presentes-au-drapeau\">Cliquez ici pour lire l&rsquo;article depuis sa source.<\/a><\/p>\n","protected":false},"excerpt":{"rendered":"<p>L\u2019Ecole nationale de police (ENP) a organis\u00e9, mardi 15 fevrier 2022, \u00e0 Ouagadougou, une c\u00e9r\u00e9monie de pr\u00e9sentation au drapeau suivie du port de passants aux \u00e9l\u00e8ves de la 52e promotion. Sur 940 \u00e0 \u00eatre admis \u00e0 la 52e promotion de l\u2019Ecole nationale de police, 937 ont achev\u00e9, avec succ\u00e8s, le premier module de formation militaire [&hellip;]<\/p>\n","protected":false},"author":1816,"featured_media":0,"comment_status":"closed","ping_status":"closed","sticky":false,"template":"","format":"standard","meta":{"fifu_image_url":"https:\/\/www.sidwaya.info\/wp-content\/uploads\/2022\/02\/1-44-300x200.jpg","fifu_image_alt":"Ecole nationale de police  : 937 \u00e9l\u00e8ves pr\u00e9sent\u00e9s au drapeau","footnotes":""},"categories":[73,81],"tags":[],"class_list":["post-140951","post","type-post","status-publish","format-standard","hentry","category-actualite","category-burkina-faso"],"_links":{"self":[{"href":"https:\/\/linitiative.ca\/International\/wp-json\/wp\/v2\/posts\/140951","targetHints":{"allow":["GET"]}}],"collection":[{"href":"https:\/\/linitiative.ca\/International\/wp-json\/wp\/v2\/posts"}],"about":[{"href":"https:\/\/linitiative.ca\/International\/wp-json\/wp\/v2\/types\/post"}],"author":[{"embeddable":true,"href":"https:\/\/linitiative.ca\/International\/wp-json\/wp\/v2\/users\/1816"}],"replies":[{"embeddable":true,"href":"https:\/\/linitiative.ca\/International\/wp-json\/wp\/v2\/comments?post=140951"}],"version-history":[{"count":0,"href":"https:\/\/linitiative.ca\/International\/wp-json\/wp\/v2\/posts\/140951\/revisions"}],"wp:attachment":[{"href":"https:\/\/linitiative.ca\/International\/wp-json\/wp\/v2\/media?parent=140951"}],"wp:term":[{"taxonomy":"category","embeddable":true,"href":"https:\/\/linitiative.ca\/International\/wp-json\/wp\/v2\/categories?post=140951"},{"taxonomy":"post_tag","embeddable":true,"href":"https:\/\/linitiative.ca\/International\/wp-json\/wp\/v2\/tags?post=140951"}],"curies":[{"name":"wp","href":"https:\/\/api.w.org\/{rel}","templated":true}]}}