{"id":140954,"date":"2022-02-15T17:16:45","date_gmt":"2022-02-15T22:16:45","guid":{"rendered":"https:\/\/linitiative.ca\/International\/investiture-du-president-du-faso\/"},"modified":"2022-02-15T17:16:45","modified_gmt":"2022-02-15T22:16:45","slug":"investiture-du-president-du-faso","status":"publish","type":"post","link":"https:\/\/linitiative.ca\/International\/investiture-du-president-du-faso\/","title":{"rendered":"Investiture du Pr\u00e9sident du Faso\u00a0"},"content":{"rendered":"<div>\n<p>Par Ordonnance N\u00b0 2022-001\/CC\/CAB du 8 f\u00e9vrier 2022, le pr\u00e9sident du Conseil Constitutionnel a fix\u00e9 au mercredi 16 f\u00e9vrier 2022, l\u2019audience solennelle de prestation de serment du Lieutenant-Colonel Paul-Henri Sandaogo Damiba, Pr\u00e9sident du Mouvement Patriotique pour la Sauvegarde et la Restauration (MPSR) en qualit\u00e9 de Pr\u00e9sident du Faso, Chef de l\u2019\u00c9tat, Chef supr\u00eame des Forces Arm\u00e9es. Cette c\u00e9r\u00e9monie de prestation de serment pr\u00e9vue \u00e0 partir de 10 h 00 et retransmise en direct sur les antennes de la RadioT\u00e9l\u00e9vision du Burkina (RTB) sera suivie du port des attributs de Grand Ma\u00eetre des Ordres burkinab\u00e8 par le Pr\u00e9sident du Faso. Compte tenu de l\u2019exigu\u00eft\u00e9 de la Salle d\u2019audience du Conseil Constitutionnel, les journalistes des m\u00e9dias nationaux et internationaux ne pourront pas y acc\u00e9der. Toutefois, des dispositions sont prises pour mettre des \u00e9l\u00e9ments (textes, photos, audios et vid\u00e9os) \u00e0 la disposition de tous les hommes et femmes de m\u00e9dias qui le souhaitent par les canaux habituels. Le Comit\u00e9 d\u2019Organisation s\u2019excuse par avance des d\u00e9sagr\u00e9ments que cela pourrait causer et sait compter sur la bonne compr\u00e9hension des m\u00e9dias.<\/p>\n<p style=\"text-align: right\"><strong>Le Comit\u00e9 d\u2019Organisation <\/strong><\/p>\n<p style=\"text-align: right\"><strong>Contacts : 70.22.70.25<\/strong><\/p>\n<p>L\u2019article <a rel=\"nofollow\" href=\"https:\/\/www.sidwaya.info\/blog\/2022\/02\/15\/investiture-du-president-du-faso\/\">Investiture du Pr\u00e9sident du Faso\u00a0<\/a> est apparu en premier sur <a rel=\"nofollow\" href=\"https:\/\/www.sidwaya.info\/\">Quotidien Sidwaya<\/a>.<\/p>\n<\/div>\n<p>Auteur: JK. Sidwaya<br \/>\n<a href=\"https:\/\/www.sidwaya.info\/blog\/2022\/02\/15\/investiture-du-president-du-faso\/?utm_source=rss&#038;utm_medium=rss&#038;utm_campaign=investiture-du-president-du-faso\">Cliquez ici pour lire l&rsquo;article depuis sa source.<\/a><\/p>\n","protected":false},"excerpt":{"rendered":"<p>Par Ordonnance N\u00b0 2022-001\/CC\/CAB du 8 f\u00e9vrier 2022, le pr\u00e9sident du Conseil Constitutionnel a fix\u00e9 au mercredi 16 f\u00e9vrier 2022, l\u2019audience solennelle de prestation de serment du Lieutenant-Colonel Paul-Henri Sandaogo Damiba, Pr\u00e9sident du Mouvement Patriotique pour la Sauvegarde et la Restauration (MPSR) en qualit\u00e9 de Pr\u00e9sident du Faso, Chef de l\u2019\u00c9tat, Chef supr\u00eame des Forces [&hellip;]<\/p>\n","protected":false},"author":1816,"featured_media":0,"comment_status":"closed","ping_status":"closed","sticky":false,"template":"","format":"standard","meta":{"fifu_image_url":"","fifu_image_alt":"","footnotes":""},"categories":[73,81],"tags":[],"class_list":["post-140954","post","type-post","status-publish","format-standard","hentry","category-actualite","category-burkina-faso"],"_links":{"self":[{"href":"https:\/\/linitiative.ca\/International\/wp-json\/wp\/v2\/posts\/140954","targetHints":{"allow":["GET"]}}],"collection":[{"href":"https:\/\/linitiative.ca\/International\/wp-json\/wp\/v2\/posts"}],"about":[{"href":"https:\/\/linitiative.ca\/International\/wp-json\/wp\/v2\/types\/post"}],"author":[{"embeddable":true,"href":"https:\/\/linitiative.ca\/International\/wp-json\/wp\/v2\/users\/1816"}],"replies":[{"embeddable":true,"href":"https:\/\/linitiative.ca\/International\/wp-json\/wp\/v2\/comments?post=140954"}],"version-history":[{"count":0,"href":"https:\/\/linitiative.ca\/International\/wp-json\/wp\/v2\/posts\/140954\/revisions"}],"wp:attachment":[{"href":"https:\/\/linitiative.ca\/International\/wp-json\/wp\/v2\/media?parent=140954"}],"wp:term":[{"taxonomy":"category","embeddable":true,"href":"https:\/\/linitiative.ca\/International\/wp-json\/wp\/v2\/categories?post=140954"},{"taxonomy":"post_tag","embeddable":true,"href":"https:\/\/linitiative.ca\/International\/wp-json\/wp\/v2\/tags?post=140954"}],"curies":[{"name":"wp","href":"https:\/\/api.w.org\/{rel}","templated":true}]}}