{"id":140956,"date":"2022-02-15T13:18:02","date_gmt":"2022-02-15T18:18:02","guid":{"rendered":"https:\/\/linitiative.ca\/International\/tribune-macky-sall-et-charles-michel-veulent-un-nouveau-partenariat-entre-lafrique-et-leurope\/"},"modified":"2022-02-15T13:18:02","modified_gmt":"2022-02-15T18:18:02","slug":"tribune-macky-sall-et-charles-michel-veulent-un-nouveau-partenariat-entre-lafrique-et-leurope","status":"publish","type":"post","link":"https:\/\/linitiative.ca\/International\/tribune-macky-sall-et-charles-michel-veulent-un-nouveau-partenariat-entre-lafrique-et-leurope\/","title":{"rendered":"Tribune: Macky Sall et Charles Michel veulent un nouveau partenariat entre l\u2019Afrique et l\u2019Europe"},"content":{"rendered":"<div>\n<p><img decoding=\"async\" width=\"758\" height=\"525\" src=\"https:\/\/linitiative.ca\/International\/wp-content\/uploads\/sites\/23\/2022\/02\/16449490839897.jpg\" class=\"attachment-post-thumbnail size-post-thumbnail wp-post-image\" alt=\"\" loading=\"lazy\" srcset=\"https:\/\/linitiative.ca\/International\/wp-content\/uploads\/sites\/23\/2022\/02\/16449490839897.jpg 758w, https:\/\/www.journalducameroun.com\/wp-content\/uploads\/2022\/02\/16449490839897-300x208.jpg 300w, https:\/\/www.journalducameroun.com\/wp-content\/uploads\/2022\/02\/16449490839897-635x440.jpg 635w, https:\/\/www.journalducameroun.com\/wp-content\/uploads\/2022\/02\/16449490839897-600x416.jpg 600w\" sizes=\"auto, (max-width: 758px) 100vw, 758px\"><\/p>\n<p>TRIBUNE &#8211; Avant le sommet entre les responsables de l&rsquo;Union africaine et de l&rsquo;Union europ\u00e9enne, Macky Sall, pr\u00e9sident du S\u00e9n\u00e9gal et de l&rsquo;Union africaine, et Charles Michel, pr\u00e9sident du Conseil Europ\u00e9en, signent une tribune conjointe que publie Apa news.Les 17 et 18 f\u00e9vrier prochains, les chefs d&rsquo;\u00c9tat ou de gouvernement de l&rsquo;Union africaine et de l&rsquo;Union europ\u00e9enne se r\u00e9uniront en sommet \u00e0 Bruxelles. Le dernier sommet UA-UE s&rsquo;est tenu il y a plus de quatre ans, en novembre 2017, \u00e0 Abidjan.<\/p>\n<p>La pand\u00e9mie est \u00e9videmment l&rsquo;une des raisons qui expliquent le temps qui s&rsquo;est \u00e9coul\u00e9 depuis notre derni\u00e8re rencontre. Sa survenue renforce d&rsquo;autant plus la dimension exceptionnelle que nous voulons, de part et d&rsquo;autre, donner \u00e0 ce sommet. L&rsquo;objectif n&rsquo;est rien moins que d&rsquo;\u00e9tablir ensemble les bases d&rsquo;un partenariat renouvel\u00e9 entre nos deux continents, un nouvel \u00e9lan dont l&rsquo;id\u00e9e est en gestation depuis un certain temps d\u00e9j\u00e0. La croissance, la prosp\u00e9rit\u00e9 partag\u00e9e et la stabilit\u00e9 sont les grands objectifs de ce partenariat. Notre sommet reposera sur deux principes fondateurs.<\/p>\n<p>Respect et valeurs<\/p>\n<p>Nos deux continents et leurs peuples partagent une proximit\u00e9 g\u00e9ographique, des langues et des liens humains et \u00e9conomiques. La paix et la s\u00e9curit\u00e9 de nos deux continents sont interd\u00e9pendantes. Voil\u00e0 pourquoi le premier principe fondateur doit \u00eatre le respect. Le futur nous demande d&rsquo;accepter et de respecter nos diff\u00e9rences.<\/p>\n<p>Le second principe fondateur, ce sont les droits et les valeurs que sont la dignit\u00e9, la libert\u00e9 et la solidarit\u00e9, exerc\u00e9s dans le cadre de l&rsquo;\u00e9tat de droit et de la bonne gouvernance. Sur ce terrain commun, nous pouvons chaque jour apprendre les uns des autres.<\/p>\n<p>Enfin, notre projet repose sur des int\u00e9r\u00eats communs. Une Afrique prosp\u00e8re, stable, s\u00fbre et durable, en pleine possession de ses moyens pour affronter tous les d\u00e9fis de l&rsquo;avenir en est le c\u0153ur.<\/p>\n<p>Un partenariat pour la prosp\u00e9rit\u00e9<\/p>\n<p>Un partenariat postule l&rsquo;\u00e9change et le partage. Chacun de nos deux continents dispose de possibilit\u00e9s gigantesques \u00e0 mettre au profit de ce projet commun.<\/p>\n<p>L&rsquo;UE apportera des capacit\u00e9s d&rsquo;investissements publics et priv\u00e9s, ainsi qu&rsquo;un savoir-faire en mati\u00e8re d&rsquo;infrastructures et de technologies vertes, qui sont essentielles pour notre combat commun contre le changement climatique et la transformation des \u00e9conomies africaines.<\/p>\n<p>L&rsquo;Afrique dispose d&rsquo;importantes ressources naturelles, d&rsquo;une population jeune et dynamique qui ne demande qu&rsquo;\u00e0 \u00eatre mobilis\u00e9e, et de capacit\u00e9s d&rsquo;innovation et d&rsquo;inventivit\u00e9 impressionnantes.<\/p>\n<p>Elle a aussi besoin d&rsquo;un meilleur acc\u00e8s aux ressources, y compris par la r\u00e9allocation des droits de tirage sp\u00e9ciaux sur une base volontaire, pour financer ses \u00e9normes besoins de d\u00e9veloppement \u00e9conomique et social.<\/p>\n<p>Dans le m\u00eame esprit, une initiative pour l&rsquo;all\u00e8gement de la dette des pays pauvres est souhaitable pour soutenir les efforts de r\u00e9silience et de relance des pays africains.<\/p>\n<p>Nous lan\u00e7ons \u00e9galement un appel en faveur d&rsquo;une transition \u00e9nerg\u00e9tique juste et \u00e9quitable tenant compte des besoins sp\u00e9cifiques de l&rsquo;Afrique, notamment pour son industrialisation et l&rsquo;acc\u00e8s universel \u00e0 l&rsquo;\u00e9lectricit\u00e9. Nous rappelons que plus de 600 millions d&rsquo;Africains restent encore sans acc\u00e8s \u00e0 l&rsquo;\u00e9lectricit\u00e9.<\/p>\n<p>Un partenariat pour la stabilit\u00e9<\/p>\n<p>Notre partenariat renforc\u00e9 mettra aussi la paix et la s\u00e9curit\u00e9 au c\u0153ur de ses priorit\u00e9s. Les menaces sont de plus en plus transnationales et de plus en plus complexes. Nous y sommes tous confront\u00e9s, quelles que soient leurs formes, y compris les cyberattaques et les attaques hybrides.<\/p>\n<p>Ces menaces communes nous appellent \u00e0 continuer \u00e0 y faire face ensemble, y compris en Afrique, en particulier dans la lutte contre le terrorisme.<\/p>\n<p>Il nous faut poursuivre ensemble la r\u00e9flexion, sous l&rsquo;\u00e9gide de l&rsquo;Union africaine et de l&rsquo;Union europ\u00e9enne, pour une meilleure coordination de nos efforts dans cette lutte solidaire contre un ennemi commun. Faire face \u00e0 ce d\u00e9fi majeur requiert de partir des causes profondes, l&rsquo;instabilit\u00e9 et la radicalisation, pour aller jusqu&rsquo;\u00e0 la r\u00e9solution durable des crises et \u00e0 la construction d&rsquo;une paix r\u00e9elle et durable.<\/p>\n<p>L&rsquo;\u00e9preuve de la pand\u00e9mie<\/p>\n<p>La pand\u00e9mie a mis en \u00e9vidence nos vuln\u00e9rabilit\u00e9s communes, notre interd\u00e9pendance et donc la n\u00e9cessit\u00e9 d&rsquo;agir ensemble et de fa\u00e7on concert\u00e9e pour y faire face et mieux nous pr\u00e9parer aux \u00e9ventuelles crises sanitaires dans le futur. La lutte contre la COVID-19 reste une priorit\u00e9 imm\u00e9diate.<\/p>\n<p>L&rsquo;Europe s&rsquo;est investie depuis le d\u00e9but pour organiser et financer la solidarit\u00e9 internationale en mati\u00e8re de vaccins, en particulier au travers de l&rsquo;initiative COVAX. L&rsquo;UE et ses \u00c9tats membres ont \u00e0 ce jour donn\u00e9 pr\u00e8s de 400 millions de doses dans le monde entier, dont plus de 85\u00a0% via COVAX.<\/p>\n<p>Avec pr\u00e8s de 130 millions de doses livr\u00e9es en l&rsquo;Afrique, l&rsquo;UE est l&rsquo;un des plus grands donateurs sur le continent. L&rsquo;UE renforce aussi son soutien pour l&rsquo;administration des doses, car avec l&rsquo;augmentation de l&rsquo;approvisionnement, le plus grand d\u00e9fi sera la mise en place des plans vaccinaux.<\/p>\n<p>Au-del\u00e0 de la solidarit\u00e9 relative au don de vaccins, le d\u00e9fi que nous devons relever ensemble est aussi celui de la production de vaccins et d&rsquo;autres produits m\u00e9dicaux et pharmaceutiques en Afrique pour satisfaire les besoins essentiels du continent. Nous saluons et soutenons les projets d\u00e9j\u00e0 en cours sur le continent.<\/p>\n<p>L&rsquo;essentiel est d&rsquo;adopter une approche concr\u00e8te: identifier les obstacles, les freins aux livraisons, au stockage et \u00e0 l&rsquo;administration des doses, et y rem\u00e9dier; ainsi que, bien s\u00fbr, acc\u00e9l\u00e9rer la mise en place des capacit\u00e9s locales de production des vaccins en Afrique, par l&rsquo;Afrique et pour l&rsquo;Afrique.<\/p>\n<p>Enfin, nous sommes convaincus que la solidarit\u00e9 internationale en mati\u00e8re de pand\u00e9mies et de grandes crises sanitaires doit \u00eatre organis\u00e9e de mani\u00e8re globale, multisectorielle et inclusive. Nous avons lanc\u00e9 et activement promu l&rsquo;id\u00e9e d&rsquo;un trait\u00e9 international sur les pand\u00e9mies. Ces efforts conjoints des Europ\u00e9ens et des Africains ont abouti \u00e0 la d\u00e9cision r\u00e9cente de l&rsquo;Assembl\u00e9e mondiale de la Sant\u00e9 d&rsquo;ouvrir les n\u00e9gociations sur ce projet de trait\u00e9, dont la conclusion est pr\u00e9vue pour mars 2024.<\/p>\n<p>Un arc de paix<\/p>\n<p>Nous voyons grandir dans notre monde les risques de confrontation entre blocs. Face \u00e0 cette tendance inqui\u00e9tante, nous avons la conviction que l&rsquo;Afrique et l&rsquo;Europe peuvent travailler ensemble \u00e0 l&rsquo;av\u00e8nement d&rsquo;un monde meilleur et plus s\u00fbr pour tous, en privil\u00e9giant le dialogue et la coop\u00e9ration dans le respect mutuel.<\/p>\n<p>C&rsquo;est dans cet esprit et avec ces objectifs que nous nous appr\u00eatons, Africains et Europ\u00e9ens, \u00e0 nous retrousser les manches pour travailler \u00e0 un avenir commun enthousiasmant.<\/p>\n<p>Le Pr\u00e9sident de la R\u00e9publique du S\u00e9n\u00e9gal, Macky Sall<\/p>\n<p>Le Pr\u00e9sident du Conseil Europ\u00e9en, Charles Michel<\/p>\n<p>Cet article <a rel=\"nofollow\" href=\"https:\/\/www.journalducameroun.com\/tribune-macky-sall-et-charles-michel-veulent-un-nouveau-partenariat-entre-lafrique-et-leurope\/\">Tribune: Macky Sall et Charles Michel veulent un nouveau partenariat entre l\u2019Afrique et l\u2019Europe<\/a> est apparu en premier sur <a rel=\"nofollow\" href=\"https:\/\/www.journalducameroun.com\/\">Journal du Cameroun<\/a>.<\/p>\n<\/div>\n<p>Auteur: APA News<br \/>\n<a href=\"https:\/\/www.journalducameroun.com\/tribune-macky-sall-et-charles-michel-veulent-un-nouveau-partenariat-entre-lafrique-et-leurope\/\">Cliquez ici pour lire l&rsquo;article depuis sa source.<\/a><\/p>\n","protected":false},"excerpt":{"rendered":"<p>TRIBUNE &#8211; Avant le sommet entre les responsables de l&rsquo;Union africaine et de l&rsquo;Union europ\u00e9enne, Macky Sall, pr\u00e9sident du S\u00e9n\u00e9gal et de l&rsquo;Union africaine, et Charles Michel, pr\u00e9sident du Conseil Europ\u00e9en, signent une tribune conjointe que publie Apa news.Les 17 et 18 f\u00e9vrier prochains, les chefs d&rsquo;\u00c9tat ou de gouvernement de l&rsquo;Union africaine et de [&hellip;]<\/p>\n","protected":false},"author":1965,"featured_media":0,"comment_status":"closed","ping_status":"closed","sticky":false,"template":"","format":"standard","meta":{"fifu_image_url":"https:\/\/www.journalducameroun.com\/wp-content\/uploads\/2022\/02\/16449490839897.jpg","fifu_image_alt":"Tribune: Macky Sall et Charles Michel veulent un nouveau partenariat entre l\u2019Afrique et l\u2019Europe","footnotes":""},"categories":[73,82],"tags":[],"class_list":["post-140956","post","type-post","status-publish","format-standard","hentry","category-actualite","category-cameroun"],"_links":{"self":[{"href":"https:\/\/linitiative.ca\/International\/wp-json\/wp\/v2\/posts\/140956","targetHints":{"allow":["GET"]}}],"collection":[{"href":"https:\/\/linitiative.ca\/International\/wp-json\/wp\/v2\/posts"}],"about":[{"href":"https:\/\/linitiative.ca\/International\/wp-json\/wp\/v2\/types\/post"}],"author":[{"embeddable":true,"href":"https:\/\/linitiative.ca\/International\/wp-json\/wp\/v2\/users\/1965"}],"replies":[{"embeddable":true,"href":"https:\/\/linitiative.ca\/International\/wp-json\/wp\/v2\/comments?post=140956"}],"version-history":[{"count":0,"href":"https:\/\/linitiative.ca\/International\/wp-json\/wp\/v2\/posts\/140956\/revisions"}],"wp:attachment":[{"href":"https:\/\/linitiative.ca\/International\/wp-json\/wp\/v2\/media?parent=140956"}],"wp:term":[{"taxonomy":"category","embeddable":true,"href":"https:\/\/linitiative.ca\/International\/wp-json\/wp\/v2\/categories?post=140956"},{"taxonomy":"post_tag","embeddable":true,"href":"https:\/\/linitiative.ca\/International\/wp-json\/wp\/v2\/tags?post=140956"}],"curies":[{"name":"wp","href":"https:\/\/api.w.org\/{rel}","templated":true}]}}