{"id":140958,"date":"2022-02-15T13:18:03","date_gmt":"2022-02-15T18:18:03","guid":{"rendered":"https:\/\/linitiative.ca\/International\/congo-terminal-poursuit-la-modernisation-du-port-de-pointe-noire\/"},"modified":"2022-02-15T13:18:03","modified_gmt":"2022-02-15T18:18:03","slug":"congo-terminal-poursuit-la-modernisation-du-port-de-pointe-noire","status":"publish","type":"post","link":"https:\/\/linitiative.ca\/International\/congo-terminal-poursuit-la-modernisation-du-port-de-pointe-noire\/","title":{"rendered":"Congo Terminal poursuit la modernisation du Port de Pointe-Noire"},"content":{"rendered":"<div>\n<p>Congo Terminal a r\u00e9ceptionn\u00e9 les travaux d\u2019extension des terre-pleins du quai D du port de Pointe-Noire.Engag\u00e9s il y a un an, ces travaux d\u2019un co\u00fbt de 3 milliards de FCFA (environ 5 millions d\u2019euros), ont permis d\u2019augmenter de 3,5 hectares les surfaces de stockage et accompagneront la hausse des volumes apr\u00e8s une ann\u00e9e record r\u00e9alis\u00e9e par Congo Terminal avec plus d\u2019un million de conteneurs trait\u00e9s.<\/p>\n<p>Ce nouveau projet fait suite \u00e0 la reconstruction en 2017 de 700 m\u00e8tres lin\u00e9aires du quai D et d\u2019un terre- plein de 3 hectares. R\u00e9alis\u00e9s par une entreprise locale, ces travaux font partie du plan d\u2019investissements destin\u00e9 \u00e0 faire du Port en eaux profondes de Pointe Noire, la porte oc\u00e9ane de l\u2019Afrique.<\/p>\n<p>Depuis 2009, Congo Terminal a investi plus de 250 milliards de FCFA (400 millions d\u2019euros) pour moderniser le terminal \u00e0 conteneurs tant au niveau des infrastructures que des \u00e9quipements. Ses efforts lui auront permis de consid\u00e9rablement am\u00e9liorer sa productivit\u00e9.<\/p>\n<p>En ligne avec ses engagements environnementaux mat\u00e9rialis\u00e9s \u00e0 travers le processus de labellisation \u00ab Green terminal \u00bb, d\u00e9marche certifi\u00e9e par Bureau Veritas, Congo Terminal a \u00e9quip\u00e9 ce nouvel espace de stockage de m\u00eame que tous les autres terre-pleins, de m\u00e2ts d\u2019\u00e9clairage \u00e0 LED. L\u2019objectif \u00e9tant de r\u00e9duire les consommations en \u00e9lectricit\u00e9 et donc les \u00e9missions de gaz \u00e0 effet de serre.<\/p>\n<p>\u00ab Gr\u00e2ce \u00e0 ce nouvel investissement, nous renfor\u00e7ons la comp\u00e9titivit\u00e9 de l\u2019\u00e9conomie du Congo et acc\u00e9l\u00e9rons le dynamisme des \u00e9changes r\u00e9gionaux. Ce nouvel espace de stockage qui porte nos capacit\u00e9s \u00e0 45 ha va nous permettre de poursuivre la dynamique des flux import et export sur les corridors du Congo et nous offre l\u2019opportunit\u00e9 de r\u00e9pondre aux attentes des armateurs. \u00bb, explique Anthony Samzun, Directeur g\u00e9n\u00e9ral de Congo Terminal.<\/p>\n<p>Cet article <a rel=\"nofollow\" href=\"https:\/\/www.journalducameroun.com\/congo-terminal-poursuit-la-modernisation-du-port-de-pointe-noire\/\">Congo Terminal poursuit la modernisation du Port de Pointe-Noire<\/a> est apparu en premier sur <a rel=\"nofollow\" href=\"https:\/\/www.journalducameroun.com\/\">Journal du Cameroun<\/a>.<\/p>\n<\/div>\n<p>Auteur: APA News<br \/>\n<a href=\"https:\/\/www.journalducameroun.com\/congo-terminal-poursuit-la-modernisation-du-port-de-pointe-noire\/\">Cliquez ici pour lire l&rsquo;article depuis sa source.<\/a><\/p>\n","protected":false},"excerpt":{"rendered":"<p>Congo Terminal a r\u00e9ceptionn\u00e9 les travaux d\u2019extension des terre-pleins du quai D du port de Pointe-Noire.Engag\u00e9s il y a un an, ces travaux d\u2019un co\u00fbt de 3 milliards de FCFA (environ 5 millions d\u2019euros), ont permis d\u2019augmenter de 3,5 hectares les surfaces de stockage et accompagneront la hausse des volumes apr\u00e8s une ann\u00e9e record r\u00e9alis\u00e9e [&hellip;]<\/p>\n","protected":false},"author":1965,"featured_media":0,"comment_status":"closed","ping_status":"closed","sticky":false,"template":"","format":"standard","meta":{"fifu_image_url":"","fifu_image_alt":"","footnotes":""},"categories":[73,82],"tags":[],"class_list":["post-140958","post","type-post","status-publish","format-standard","hentry","category-actualite","category-cameroun"],"_links":{"self":[{"href":"https:\/\/linitiative.ca\/International\/wp-json\/wp\/v2\/posts\/140958","targetHints":{"allow":["GET"]}}],"collection":[{"href":"https:\/\/linitiative.ca\/International\/wp-json\/wp\/v2\/posts"}],"about":[{"href":"https:\/\/linitiative.ca\/International\/wp-json\/wp\/v2\/types\/post"}],"author":[{"embeddable":true,"href":"https:\/\/linitiative.ca\/International\/wp-json\/wp\/v2\/users\/1965"}],"replies":[{"embeddable":true,"href":"https:\/\/linitiative.ca\/International\/wp-json\/wp\/v2\/comments?post=140958"}],"version-history":[{"count":0,"href":"https:\/\/linitiative.ca\/International\/wp-json\/wp\/v2\/posts\/140958\/revisions"}],"wp:attachment":[{"href":"https:\/\/linitiative.ca\/International\/wp-json\/wp\/v2\/media?parent=140958"}],"wp:term":[{"taxonomy":"category","embeddable":true,"href":"https:\/\/linitiative.ca\/International\/wp-json\/wp\/v2\/categories?post=140958"},{"taxonomy":"post_tag","embeddable":true,"href":"https:\/\/linitiative.ca\/International\/wp-json\/wp\/v2\/tags?post=140958"}],"curies":[{"name":"wp","href":"https:\/\/api.w.org\/{rel}","templated":true}]}}