{"id":140959,"date":"2022-02-15T14:18:03","date_gmt":"2022-02-15T19:18:03","guid":{"rendered":"https:\/\/linitiative.ca\/International\/mali-686-millions-necessaires-pour-laide-humanitaire\/"},"modified":"2022-02-15T14:18:03","modified_gmt":"2022-02-15T19:18:03","slug":"mali-686-millions-necessaires-pour-laide-humanitaire","status":"publish","type":"post","link":"https:\/\/linitiative.ca\/International\/mali-686-millions-necessaires-pour-laide-humanitaire\/","title":{"rendered":"Mali : 686 millions $ n\u00e9cessaires pour l\u2019aide humanitaire"},"content":{"rendered":"<div>\n<p><img decoding=\"async\" width=\"225\" height=\"225\" src=\"https:\/\/linitiative.ca\/International\/wp-content\/uploads\/sites\/23\/2022\/02\/16449526837311.jpg\" class=\"attachment-post-thumbnail size-post-thumbnail wp-post-image\" alt=\"\" loading=\"lazy\" srcset=\"https:\/\/linitiative.ca\/International\/wp-content\/uploads\/sites\/23\/2022\/02\/16449526837311.jpg 225w, https:\/\/www.journalducameroun.com\/wp-content\/uploads\/2022\/02\/16449526837311-150x150.jpg 150w, https:\/\/www.journalducameroun.com\/wp-content\/uploads\/2022\/02\/16449526837311-60x60.jpg 60w, https:\/\/www.journalducameroun.com\/wp-content\/uploads\/2022\/02\/16449526837311-100x100.jpg 100w\" sizes=\"auto, (max-width: 225px) 100vw, 225px\"><\/p>\n<p>La situation humanitaire du pays est encore critique en 2022, alerte l&rsquo;ONU.Sous le leadership du gouvernement, les Nations Unies et les partenaires humanitaires ont publi\u00e9 le Plan de r\u00e9ponse humanitaire (PRH) 2022 pour le Mali. Le PRH 2022 cherche \u00e0 mobiliser 686 millions de dollars am\u00e9ricains pour aider 5,3 millions de personnes parmi les plus vuln\u00e9rables.<\/p>\n<p>Dans ce pays d&rsquo;Afrique de l&rsquo;Ouest, le conflit et l&rsquo;ins\u00e9curit\u00e9 rendent difficile l&rsquo;acc\u00e8s des humanitaires aux communaut\u00e9s. De m\u00eame, le nombre de personnes d\u00e9plac\u00e9es internes (PDI) reste encore \u00e9lev\u00e9.<\/p>\n<p>Ces personnes ont un faible acc\u00e8s \u00e0 l&rsquo;eau potable et aux services sociaux de base. L&rsquo;ins\u00e9curit\u00e9 alimentaire est pr\u00e9coce cette ann\u00e9e. Plus de 1,8 million de personnes seront concern\u00e9es durant la p\u00e9riode de soudure (juin et ao\u00fbt 2022), contre 1,3 million en 2021. Il s&rsquo;agit du niveau le plus \u00e9lev\u00e9 jamais enregistr\u00e9 depuis 2014.<\/p>\n<p>Pour apporter une r\u00e9ponse aux besoins imm\u00e9diats des communaut\u00e9s touch\u00e9es par l&rsquo;ins\u00e9curit\u00e9 alimentaire et nutritionnelle, les Nations Unies ont d\u00e9bloqu\u00e9 10 millions de dollars \u00e0 travers le Fonds central d&rsquo;intervention d&rsquo;urgence (CERF).<\/p>\n<p>\u00ab Pour toute action humanitaire et de d\u00e9veloppement, il est indispensable que la s\u00e9curit\u00e9 des populations soient assur\u00e9es y compris celle des acteurs qui les assistent \u00bb, a d\u00e9clar\u00e9 Alain Noud\u00e9hou, Coordonnateur Humanitaire pour le Mali.<\/p>\n<p>\u00ab Ensemble, nous devons appuyer la reconstitution des moyens d&rsquo;existence des populations d\u00e9plac\u00e9es et r\u00e9fugi\u00e9es, soutenir leur retour s\u00e9curis\u00e9 dans leurs localit\u00e9s d&rsquo;origine afin de diminuer progressivement leur d\u00e9pendance \u00e0 l&rsquo;assistance humanitaire \u00bb, a-t-il ajout\u00e9.<\/p>\n<p>A son avis, il est n\u00e9cessaire de continuer \u00e0 renforcer les initiatives de solutions durables et assurer une meilleure articulation entre les actions humanitaires, de d\u00e9veloppement et de consolidation de la paix en vue de mieux cibler les besoins pour la r\u00e9silience des communaut\u00e9s dans les zones de conflits ou post-conflit.<\/p>\n<p>Pour le ministre d\u00e9l\u00e9gu\u00e9 aupr\u00e8s du ministre de la Sant\u00e9 et du D\u00e9veloppement social charg\u00e9 de l&rsquo;Action humanitaire, de la Solidarit\u00e9, des R\u00e9fugi\u00e9s et des D\u00e9plac\u00e9s, Oumarou Diarra, \u00ab l&rsquo;engagement de tous les partenaires de mise en \u0153uvre qui acc\u00e8dent aux populations vuln\u00e9rables dans des conditions difficiles, parfois au p\u00e9ril de leur vie, est \u00e0 saluer \u00bb.<\/p>\n<p>En 2021, la communaut\u00e9 humanitaire a mobilis\u00e9 215 millions sur les 563 millions, soit 38% des fonds recherch\u00e9s.<\/p>\n<p>Cet article <a rel=\"nofollow\" href=\"https:\/\/www.journalducameroun.com\/mali-686-millions-necessaires-pour-laide-humanitaire\/\">Mali : 686 millions $ n\u00e9cessaires pour l\u2019aide humanitaire<\/a> est apparu en premier sur <a rel=\"nofollow\" href=\"https:\/\/www.journalducameroun.com\/\">Journal du Cameroun<\/a>.<\/p>\n<\/div>\n<p>Auteur: APA News<br \/>\n<a href=\"https:\/\/www.journalducameroun.com\/mali-686-millions-necessaires-pour-laide-humanitaire\/\">Cliquez ici pour lire l&rsquo;article depuis sa source.<\/a><\/p>\n","protected":false},"excerpt":{"rendered":"<p>La situation humanitaire du pays est encore critique en 2022, alerte l&rsquo;ONU.Sous le leadership du gouvernement, les Nations Unies et les partenaires humanitaires ont publi\u00e9 le Plan de r\u00e9ponse humanitaire (PRH) 2022 pour le Mali. Le PRH 2022 cherche \u00e0 mobiliser 686 millions de dollars am\u00e9ricains pour aider 5,3 millions de personnes parmi les plus [&hellip;]<\/p>\n","protected":false},"author":1965,"featured_media":0,"comment_status":"closed","ping_status":"closed","sticky":false,"template":"","format":"standard","meta":{"fifu_image_url":"https:\/\/www.journalducameroun.com\/wp-content\/uploads\/2022\/02\/16449526837311.jpg","fifu_image_alt":"Mali : 686 millions $ n\u00e9cessaires pour l\u2019aide humanitaire","footnotes":""},"categories":[73,82],"tags":[],"class_list":["post-140959","post","type-post","status-publish","format-standard","hentry","category-actualite","category-cameroun"],"_links":{"self":[{"href":"https:\/\/linitiative.ca\/International\/wp-json\/wp\/v2\/posts\/140959","targetHints":{"allow":["GET"]}}],"collection":[{"href":"https:\/\/linitiative.ca\/International\/wp-json\/wp\/v2\/posts"}],"about":[{"href":"https:\/\/linitiative.ca\/International\/wp-json\/wp\/v2\/types\/post"}],"author":[{"embeddable":true,"href":"https:\/\/linitiative.ca\/International\/wp-json\/wp\/v2\/users\/1965"}],"replies":[{"embeddable":true,"href":"https:\/\/linitiative.ca\/International\/wp-json\/wp\/v2\/comments?post=140959"}],"version-history":[{"count":0,"href":"https:\/\/linitiative.ca\/International\/wp-json\/wp\/v2\/posts\/140959\/revisions"}],"wp:attachment":[{"href":"https:\/\/linitiative.ca\/International\/wp-json\/wp\/v2\/media?parent=140959"}],"wp:term":[{"taxonomy":"category","embeddable":true,"href":"https:\/\/linitiative.ca\/International\/wp-json\/wp\/v2\/categories?post=140959"},{"taxonomy":"post_tag","embeddable":true,"href":"https:\/\/linitiative.ca\/International\/wp-json\/wp\/v2\/tags?post=140959"}],"curies":[{"name":"wp","href":"https:\/\/api.w.org\/{rel}","templated":true}]}}