{"id":140964,"date":"2022-02-15T07:30:11","date_gmt":"2022-02-15T12:30:11","guid":{"rendered":"https:\/\/linitiative.ca\/International\/cameroun-business-forum-csu-inflation-le-deficit-energetique-les-dossiers-urgents-de-lapres-can\/"},"modified":"2022-02-15T07:30:11","modified_gmt":"2022-02-15T12:30:11","slug":"cameroun-business-forum-csu-inflation-le-deficit-energetique-les-dossiers-urgents-de-lapres-can","status":"publish","type":"post","link":"https:\/\/linitiative.ca\/International\/cameroun-business-forum-csu-inflation-le-deficit-energetique-les-dossiers-urgents-de-lapres-can\/","title":{"rendered":"Cameroun business forum, CSU, inflation, le d\u00e9ficit \u00e9nerg\u00e9tique\u00a0: les dossiers urgents de l\u2019apr\u00e8s CAN"},"content":{"rendered":"<div>\n<p>La 12e \u00e9dition du Cameroon Business Forum (CBF), autant que nombre de sujets \u00e9conomiques d\u2019importante capitale, a \u00e9t\u00e9 report\u00e9e par le Gouvernement \u00e0 une date ult\u00e9rieure, alors que le rendez-vous \u00e9tait initialement pr\u00e9vu le 15 d\u00e9cembre 2021. Le report est survenu sans qu\u2019une raison n\u2019ait \u00e9t\u00e9 officiellement \u00e9voqu\u00e9e par les pouvoirs publics. Mais sous cape \u00e0 la primature, des sources avaient laiss\u00e9 entendre que la tenue de la 33e \u00e9dition de la Coupe d\u2019Afrique des Nations de football \u2013 qui s\u2019est achev\u00e9e le 6 f\u00e9vrier dernier-\u00e9tait prioritaire sur les grands rendez-vous, et que le CBF serait alors reprogramm\u00e9 apr\u00e8s la CAN 2021. La page du football est tourn\u00e9e, et le gouvernement doit devoir se pencher sur les dossiers urgents qui l\u2019interpellent, et la reprogrammation du CBF en fait partie.<\/p>\n<p><strong>Lire aussi<\/strong> : <strong><a href=\"https:\/\/ecomatin.net\/les-meuniers-suspendent-la-livraison-n-de-la-farine-de-ble-sur-toute-letendue-du-territoire-national\/\">Les meuniers suspendent la livraison de la farine de bl\u00e9 sur toute l\u2019\u00e9tendue du territoire national<\/a><\/strong><\/p>\n<p>L\u2019expectative qui entoure cet \u00e9v\u00e9nement, cache mal l\u2019embarras du gouvernement \u00e0 le reprogrammer, dans un contexte o\u00f9 les rapports avec le secteur priv\u00e9 sont tendus en permanence. C\u2019est une lapalissade que de rappeler que le report du CBF est en partie li\u00e9 au d\u00e9sistement du Groupement Inter-patronal du Cameroun (Gicam) \u00e0 prendre part \u00e0 la 12e \u00e9dition. En effet, dans une correspondance du Secr\u00e9taire g\u00e9n\u00e9ral des Services du Premier Ministre au Gicam, l\u2019invitant \u00e0 prendre part au CBF, S\u00e9raphin Magloire Fouda sollicitait de l\u2019organisation patronale d\u2019\u00e9ventuelles propositions \u00e0 prendre en compte lors des assises. Une d\u00e9marche qui a provoqu\u00e9 l\u2019ire des adh\u00e9rents et de l\u2019\u00e9x\u00e9cutif du Gicam. Le 2 d\u00e9cembre 2021, le pr\u00e9sident du Gicam, C\u00e9lestin Tawamba, r\u00e9agissant \u00e0 cette lettre, a d\u00e9sapprouv\u00e9 le processus conduisant \u00e0 l\u2019organisation du CBF 2021. Notamment, les points \u00e0 d\u00e9battre, la date consensuelle de l\u2019\u00e9v\u00e9nement, ou encore la d\u00e9finition des objectifs de la session de 2021. En r\u00e9alit\u00e9, parmi les revendications lointaines du syndicat patronal, figure celle relative \u00e0 la refondation du Cameroon Business Forum.<\/p>\n<p><strong>L\u2019urgente refondation\u00a0?<\/strong><\/p>\n<p>Depuis la cr\u00e9ation en 2009 du CBF, le Gicam n\u2019a pas vraiment le sentiment que les lignes ont boug\u00e9. \u00ab En une d\u00e9cennie d\u2019existence, cette rencontre impos\u00e9e par IFC [la Societ\u00e9 financi\u00e8re internationale, filiale du groupe de la Banque mondiale, Ndlr] n\u2019a pas permis au Cameroun d\u2019am\u00e9liorer significativement son rang dans le classement Doing business. Au demeurant, le climat des affaires ne se limite pas uniquement aux crit\u00e8res arr\u00eat\u00e9s par cette institution \u00bb, confiait nagu\u00e8re un membre du Gicam, sous couvert d\u2019anonymat \u00e0 nos confr\u00e8res de Jeune Afrique.<\/p>\n<p><strong>Lire aussi<\/strong> : <strong><a href=\"https:\/\/ecomatin.net\/industrie-agro-alimentaire-de-la-farine-locale-pour-reduire-les-importations\/\">Industrie agro-alimentaire: de la farine locale pour r\u00e9duire les importations<\/a><\/strong><\/p>\n<p>Le syndicat des patrons, qui revendiquait 729 entreprises adh\u00e9rentes en 2019, et qui repr\u00e9sente 43,5 % du PIB, n\u2019a eu de cesse d\u2019exiger, comme dans son dernier livre blanc, la suppression de cette instance pour la remplacer par un cadre permanent de concertation entre les deux parties : le Cameroon Business Council (CBC). Cette entit\u00e9 serait toujours pr\u00e9sid\u00e9e par le Premier ministre, et second\u00e9 par le pr\u00e9sident du Gicam. Le secteur priv\u00e9 ne serait-il plus pr\u00eat \u00e0 prendre part \u00e0 cette plateforme d\u2019\u00e9changes entre le gouvernement, les bailleurs de fonds, et les partenaires techniques du Cameroun, tant qu\u2019elle ne fait sa mue ?<\/p>\n<h3 id=\"inflation-l-urgence-de-stabiliser-les-prix\"><strong>Inflation\u00a0: l\u2019urgence de stabiliser les prix<\/strong><\/h3>\n<p>Farine de bl\u00e9, poisson, huile v\u00e9g\u00e9tale, \u0153ufs de table, viande, mat\u00e9riaux de construction\u2026depuis quelques mois, les prix de certains produits de grande consommation ne cessent de prendre de l\u2019envol. Si n\u2019\u00e9taient concern\u00e9es jusqu\u2019ici que les produits import\u00e9s, m\u00eame ceux produits localement n\u2019\u00e9chappent \u00e0 cette inflation d\u00e9mesur\u00e9e. Selon un r\u00e9cent rapport de l\u2019Institut nationale de la Statistique(INS), les prix \u00e0 la consommation des m\u00e9nages sont pass\u00e9s de 2,2% \u00e0 3,1% en un an, tandis que les co\u00fbts des produits alimentaires import\u00e9s ont augment\u00e9 de 8,2% au cours de l\u2019ann\u00e9e 2021.<\/p>\n<p><strong>Lire aussi<\/strong> : <strong><a href=\"https:\/\/ecomatin.net\/lutte-contre-linflation-dialogue-de-sourds-s-entre-le-gouvernement-et-les-operateurs-economiques\/\">Lutte contre l\u2019inflation : Dialogue de sourds entre le Gouvernement et les op\u00e9rateurs \u00e9conomiques<\/a><\/strong><\/p>\n<p>Une situation qui pourrait devenir intenable sur la dur\u00e9e car, dans le m\u00eame temps, le revenu des m\u00e9nages moyens n\u2019a pas connu une augmentation. En attendant, plusieurs associations de d\u00e9fense des droits des consommateurs sont d\u00e9j\u00e0 mont\u00e9es au cr\u00e9neau pour d\u00e9noncer des augmentations scandaleuses sur la plupart des denr\u00e9es de grande consommation sur fond de sp\u00e9culation. La situation n\u2019est pas pr\u00eate de s\u2019am\u00e9liorer du fait de l\u2019augmentation du cours du fret maritime qui a connu une hausse de 400% selon le Groupement Interpatronal du Cameroun(Gicam). Cot\u00e9 importateurs, la situation est devenue intenable ; les menaces d\u2019un arr\u00eat d\u2019approvisionnement ne cessent de se prononcer. Le tocsin a r\u00e9cemment \u00e9t\u00e9 sonn\u00e9 par les industries meuni\u00e8res qui ont d\u00e9cid\u00e9 de suspendre les livraisons de farine de bl\u00e9 sur l\u2019\u00e9tendue du triangle national afin de limiter les pertes ininterrompues qu\u2019ils enregistrent du fait de l\u2019augmentation ininterrompu du cours du bl\u00e9.<\/p>\n<p><strong>Mesures d\u2019att\u00e9nuation<\/strong><\/p>\n<p>Jusqu\u2019ici la r\u00e9ponse du gouvernement a consist\u00e9 \u00e0 des mesures visant \u00e0 tordre le cou \u00e0 la sp\u00e9culation et accompagner les producteurs. Aux d\u00e9centes sporadiques du Mincommerce pour tenter de mettre la main sur les commer\u00e7ants v\u00e9reux responsables de l\u2019inflation, s\u2019ajoutent des exon\u00e9rations aux profits des importateurs notamment l\u2019application d\u2019une d\u00e9cote de 80% sur le co\u00fbt du fret, suspension de l\u2019acompte d\u2019imp\u00f4t sur le revenu au profit des importations de bl\u00e9 entres autres. Pas assez suffisant pour contenir l\u2019inflation selon les acteurs. Selon Aline Mbono, Directrice ex\u00e9cutive du Gicam, \u00able clinker conna\u00eet une augmentation de 97% sur le march\u00e9 international. Vous couplez cette augmentation avec \u00e0 la hausse du fret maritime qui est de 417%, vous avez des co\u00fbts qui, s\u2019ils sont r\u00e9percut\u00e9s sur le sac de ciment, seraient de 1.500 FCFA de plus. La d\u00e9cision sign\u00e9e le 16 novembre 2021, s\u2019il faut l\u2019appliquer a juste un impact est de 50 FCFA\u00bb. C\u00f4t\u00e9 meuniers, les abattements fiscaux accord\u00e9s par le gouvernement ne couvrent que 7% de leurs pertes.<\/p>\n<p><strong>Concertations st\u00e9riles<\/strong><\/p>\n<p>Alors que le spectre d\u2019une hausse des prix semble in\u00e9vitable, le secteur priv\u00e9 table pour un partage des co\u00fbts suppl\u00e9mentaires entre les diff\u00e9rents acteurs \u00e0 savoir : les entreprises, l\u2019Etat et les consommateurs. Une concertation que les pouvoirs publics semblent vouloir esquiver jusqu\u2019ici.<\/p>\n<p><strong>Lire aussi<\/strong> : <strong><a href=\"https:\/\/ecomatin.net\/inflation-le-litre-dhuile-vegetale-e-grimpe-a-2000-fcfa-a-bertoua\/\">Inflation : le litre d\u2019huile v\u00e9g\u00e9tale grimpe \u00e0 2000 FCFA \u00e0 Bertoua<\/a><\/strong><\/p>\n<p>A la derni\u00e8re r\u00e9ponse \u00e0 la sollicitation des importateurs les pouvoirs publics ont demand\u00e9 d\u2019attendre la fin de la CAN et d\u2019\u00e9viter toute hausse des prix durant cette comp\u00e9tition que le pays organisait. Nous y sommes, \u00e0 quand des d\u00e9cisions fortes?<\/p>\n<h3 id=\"couverture-sante-universelle-1-300-milliards-de-fcfa-pour-un-demarrage-effectif-au-1er-semestre-2022\"><strong>Couverture sant\u00e9 universelle\u00a0: 1 300 milliards de FCFA pour un d\u00e9marrage effectif au 1er semestre 2022<\/strong><\/h3>\n<p>La couverture sant\u00e9 universelle (CSU) fait partie des programmes de sant\u00e9 prioritaires au Cameroun pour 2022. C\u2019est ce qui transpire des propos du Minsant\u00e9, Manaouda Malachie, devant la CFB de l\u2019assembl\u00e9e nationale le 1er d\u00e9cembre 2021. Apr\u00e8s l\u2019\u00e9chec de 2018, alors que le chef de l\u2019Etat, Paul Biya, en personne, avait donn\u00e9 des garanties dans son discours du 31 d\u00e9cembre 2021, l\u2019annonce du Minsant\u00e9 soul\u00e8ve du scepticisme. Surtout que le 15 octobre 2021, sur les antennes de Radio Balafon, une radio priv\u00e9e bas\u00e9e \u00e0 Douala, Manaouda Malachie avait \u00e9t\u00e9 versatile : \u00ab Nous ne donnerons pas une date. Mais je pense qu\u2019au premier semestre 2022, nous allons au moins lancer quelque chose \u00e0 titre pilote\u00bb.<\/p>\n<p>Suffisant pour faire planer le doute au-dessus de la CSU qui ne r\u00e9siste pas aux critiques. A l\u2019exemple de celles \u00e9mises par Dr Flaubert Fouakeng. Dans un article intitul\u00e9 \u00ab Couverture sant\u00e9 universelle au Cameroun : Etat des lieux et d\u00e9fis \u00e0 relever pour acc\u00e9l\u00e9rer cette r\u00e9forme cruciale pour le syst\u00e8me de sant\u00e9 en qu\u00eate incessante de plus de ressources \u00bb, le sp\u00e9cialiste en sant\u00e9 publique et \u00e9conomie de la sant\u00e9 est formel : \u00ab L\u2019analyse du cas du Cameroun montre que le mode de financement n\u2019est pas encore clairement et d\u00e9finitivement cern\u00e9. \u00bb En 2017, le Minsant\u00e9 avait r\u00e9v\u00e9l\u00e9 qu\u2019\u00ab un tel syst\u00e8me co\u00fbterait 1 300 milliards FCFA \u00e0 l\u2019Etat, pour un paquet de base de soins et services compos\u00e9 de 185 interventions et 101 sous-interventions \u00bb. A l\u2019observation, tout bloque donc dans la recherche de ces financements.<\/p>\n<p><strong>Partenariat priv\u00e9<\/strong><\/p>\n<p>En attribuant le march\u00e9 de la CSU, en ao\u00fbt 2020 \u00e0 la Soci\u00e9t\u00e9 sant\u00e9 universelle Cameroun (Sucam), l\u2019Etat semble avoir trouv\u00e9 la r\u00e9ponse financi\u00e8re \u00e0 son projet. Pas seulement. Le partenariat avec cet op\u00e9rateur \u00e9conomique priv\u00e9 cor\u00e9en efface \u00e0 priori les pr\u00e9occupations institutionnelles, organisationnelles et manag\u00e9riales de ce projet. D\u2019ailleurs, pour rassurer les Camerounais, le 16 septembre 2021 \u00e0 Yaound\u00e9, Sucam pr\u00e9sente des \u00e9quipements d\u00e9di\u00e9s \u00e0 l\u2019enr\u00f4lement. L\u2019entreprise se dit alors \u00ab pr\u00eate \u00e0 enr\u00f4ler les plus de 25 millions de Camerounais \u00bb, et d\u00e9clare \u00ab disposer d\u00e9j\u00e0 de 1\u00a0500 stations fixes et mobiles \u00bb. Sans en indiquer les localit\u00e9s sens\u00e9es les accueillir. Ce qui accentue le scepticisme au-dessus de cette collaboration et des capacit\u00e9s de cette structure \u00e0 d\u00e9marrer effectivement dans les d\u00e9lais.<\/p>\n<p><strong>La CNPS au c\u0153ur du projet<\/strong><\/p>\n<p>De l\u2019avis de plusieurs sp\u00e9cialistes, \u00ab le probl\u00e8me \u00e9tait d\u00e9finitivement r\u00e9gl\u00e9 si on avait fait de la Caisse nationale de pr\u00e9voyance sociale (CNPS) le c\u0153ur de ce projet. Cette entreprise a d\u00e9j\u00e0 l\u2019exp\u00e9rience de la prise en charge des employ\u00e9s du secteur priv\u00e9 et, sur le plan de la gouvernance, l\u2019argent est plus en s\u00e9curit\u00e9 entre les mains d\u2019une structure sous tutelle. Dans plusieurs pays o\u00f9 cette affaire a march\u00e9, au Ghana et au Rwanda, la gestion a \u00e9t\u00e9 attribu\u00e9e \u00e0 des structures publiques qu\u2019on avait d\u00fb parfois cr\u00e9er pour la cause. \u00bb.<\/p>\n<p><strong>Lire aussi<\/strong> : <strong><a href=\"https:\/\/ecomatin.net\/couverture-sante-universelle-la-phase-pilote-reportee-a-2022\/\">Couverture sant\u00e9 Universelle : la phase pilote report\u00e9e \u00e0 2022<\/a><\/strong><\/p>\n<p>Pour rappel, selon l\u2019Organisation mondiale de la sant\u00e9 (OMS), la CSU est un syst\u00e8me, mis en \u0153uvre dans les pays \u00e0 faible revenu, qui vise un financement \u00e0 faible co\u00fbt par les populations des services et soins efficaces et de qualit\u00e9. Au Cameroun, son processus de mise en place est engag\u00e9 par le Minsant\u00e9 depuis 2015.<\/p>\n<h3 id=\"h-energie-des-ameliorations-considerables-attendues-dans-la-fourniture-en-electricite-en-2022\"><strong>Energie\u00a0: des am\u00e9liorations consid\u00e9rables attendues dans la fourniture en \u00e9lectricit\u00e9 en 2022<\/strong><\/h3>\n<p>Selon des donn\u00e9es de la Banque Mondiale, le Cameroun dispose d\u2019un potentiel \u00e9nerg\u00e9tique estim\u00e9 \u00e0 23\u00a0000 MW. Pourtant, selon la m\u00eame institution, le pays ne produit que 1400 MW d\u2019\u00e9lectricit\u00e9, provenant majoritairement des barrages hydro\u00e9lectriques (60%). Pas besoin d\u2019\u00eatre devin pour comprendre que cette offre \u00e9nerg\u00e9tique est loin de combler la demande sans cesse croissante. En t\u00e9moignent, les coupures intempestives de courant \u00e9lectrique, que les camerounais ont fini par int\u00e9grer, quoique \u00e0 contrec\u0153ur. Pour rem\u00e9dier \u00e0 cette situation critique, le gouvernement, par le biais du minist\u00e8re de l\u2019Eau et de l\u2019Energie (Minee), a d\u00e9cid\u00e9 de lancer plusieurs chantiers majeurs cens\u00e9s am\u00e9liorer l\u2019offre en \u00e9nergie \u00e9lectrique. Pour le compte de l\u2019ann\u00e9e en cours, Gaston Eloundou Essomba a indiqu\u00e9, lors de son passage devant la commission des finances et du budget de l\u2019Assembl\u00e9e nationale en novembre 2021, que le pr\u00e9sident de la R\u00e9publique Paul Biya avait donn\u00e9 son accord pour le lancement (d\u00e9but 2022) des travaux de construction d\u2019une ligne de transport qui va relier les r\u00e9seaux interconnect\u00e9s du Sud et du Nord. Ladite ligne de transport sera longue de 511 km, et prendra sa source au futur barrage de Nachtigal en cours de construction, pour rejoindre la ville de Ngaound\u00e9r\u00e9 dans la r\u00e9gion de l\u2019Adamaoua.<\/p>\n<p>\u00ab Le Chef de l\u2019Etat a d\u00e9j\u00e0 donn\u00e9 son autorisation pour que les travaux qui vont permettre de relier le r\u00e9seau Sud au r\u00e9seau Nord puissent d\u00e9marrer. La ligne va prendre ses origines du c\u00f4t\u00e9 du barrage de Nachtigal. On va bient\u00f4t construire 511 km de lignes, 225 000 Volts, jusqu\u2019\u00e0 Ngaound\u00e9r\u00e9. Ce qui va consacrer l\u2019interconnexion du r\u00e9seau Sud au r\u00e9seau Nord. Nous voulons synchroniser la mise en service de cette ligne, avec la mise en service du barrage de Nachtigal. La solution au cours des quatre prochaines ann\u00e9es, est donc l\u2019interconnexion du r\u00e9seau Sud au r\u00e9seau Nord\u00bb, avait-il d\u00e9clar\u00e9.<\/p>\n<p><strong>Lire aussi<\/strong> : <strong><a href=\"https:\/\/ecomatin.net\/sante-neonatale-et-maternelle-le-septentrion-n-accepte-le-cheque-sante-a-pres-de-80\/\">Sant\u00e9 n\u00e9onatale et maternelle\u00a0: le Septentrion accepte le ch\u00e8que sant\u00e9 \u00e0 pr\u00e8s de 80%<\/a><\/strong><\/p>\n<p>La r\u00e9gion du Nord qui est l\u2019une des unit\u00e9s administratives les moins nanties en mati\u00e8re de fourniture en \u00e9nergie \u00e9lectrique va \u00e9galement b\u00e9n\u00e9ficier, d\u2019apr\u00e8s les annonces du Minee, de l\u2019installation de plusieurs centrales \u00e9lectriques. \u00ab Voici les mesures que le gouvernement a prises pour pallier en urgence cette situation. Premi\u00e8re mesure: l\u2019installation d\u2019une centrale solaire modulaire \u00e0 Guider de 30 m\u00e9gawatts. Les premiers containers sont d\u00e9j\u00e0 arriv\u00e9s \u00e0 Garoua et sont en train de faire route vers Guider. Les plateformes sont en cours de construction. Au m\u00eame moment, une autre centrale ; celle-l\u00e0 est thermique de 10 m\u00e9gawatts, sera \u00e9galement install\u00e9e \u00e0 Guider, d\u2019ici le mois de janvier (2022, ndlr). Courant janvier 2022, le Septentrion va donc recevoir des capacit\u00e9s suppl\u00e9mentaires de 30 m\u00e9gawatts en solaire et de 10 m\u00e9gawatts en thermique\u00bb, a-t-il pr\u00e9cis\u00e9. Et d\u2019ajouter que \u00abNous avons \u00e9galement instruit Eneo de commander en plus une centrale de 15 m\u00e9gawatts d\u2019ici fin mars. Donc d\u2019ici fin mars, le Septentrion va recevoir une capacit\u00e9 suppl\u00e9mentaire de 30 m\u00e9gawatts en solaire et de 25 m\u00e9gawatts en thermique, soit 55 m\u00e9gawatts\u00bb, a-t-il indiqu\u00e9 \u00e0 l\u2019assembl\u00e9e nationale en novembre 2021.<\/p>\n<p>Pour ce qui est de la r\u00e9gion de l\u2019Est, Gaston Eloundou Essomba a annonc\u00e9 la mise sous tension d\u00e8s 2022 de la ligne entre Yaound\u00e9 et Abong-Mbang, consacrant \u00abl\u2019interconnexion du r\u00e9seau Sud au r\u00e9seau de L\u2019Est\u00bb. D\u2019autres projets de grande envergure tels que le barrage de Nachtigal, dont le taux de r\u00e9alisation est de 50%, vont conna\u00eetre une acc\u00e9l\u00e9ration, afin d\u2019\u00eatre enti\u00e8rement livr\u00e9s entre 2023-2024.<\/p>\n<p>L\u2019article <a rel=\"nofollow\" href=\"https:\/\/ecomatin.net\/cameroun-business-forum-csu-inflation-le-deficit-energetique-les-dossiers-urgents-de-lapres-can\/\">Cameroun business forum, CSU, inflation, le d\u00e9ficit \u00e9nerg\u00e9tique\u00a0: les dossiers urgents de l\u2019apr\u00e8s CAN<\/a> est apparu en premier sur <a rel=\"nofollow\" href=\"https:\/\/ecomatin.net\/\">EcoMatin<\/a>.<\/p>\n<\/div>\n<p>Auteur: EcoMatin<br \/>\n<a href=\"https:\/\/ecomatin.net\/cameroun-business-forum-csu-inflation-le-deficit-energetique-les-dossiers-urgents-de-lapres-can\/\">Cliquez ici pour lire l&rsquo;article depuis sa source.<\/a><\/p>\n","protected":false},"excerpt":{"rendered":"<p>La 12e \u00e9dition du Cameroon Business Forum (CBF), autant que nombre de sujets \u00e9conomiques d\u2019importante capitale, a \u00e9t\u00e9 report\u00e9e par le Gouvernement \u00e0 une date ult\u00e9rieure, alors que le rendez-vous \u00e9tait initialement pr\u00e9vu le 15 d\u00e9cembre 2021. Le report est survenu sans qu\u2019une raison n\u2019ait \u00e9t\u00e9 officiellement \u00e9voqu\u00e9e par les pouvoirs publics. Mais sous cape [&hellip;]<\/p>\n","protected":false},"author":1969,"featured_media":0,"comment_status":"closed","ping_status":"closed","sticky":false,"template":"","format":"standard","meta":{"fifu_image_url":"","fifu_image_alt":"","footnotes":""},"categories":[82,78],"tags":[],"class_list":["post-140964","post","type-post","status-publish","format-standard","hentry","category-cameroun","category-economie"],"_links":{"self":[{"href":"https:\/\/linitiative.ca\/International\/wp-json\/wp\/v2\/posts\/140964","targetHints":{"allow":["GET"]}}],"collection":[{"href":"https:\/\/linitiative.ca\/International\/wp-json\/wp\/v2\/posts"}],"about":[{"href":"https:\/\/linitiative.ca\/International\/wp-json\/wp\/v2\/types\/post"}],"author":[{"embeddable":true,"href":"https:\/\/linitiative.ca\/International\/wp-json\/wp\/v2\/users\/1969"}],"replies":[{"embeddable":true,"href":"https:\/\/linitiative.ca\/International\/wp-json\/wp\/v2\/comments?post=140964"}],"version-history":[{"count":0,"href":"https:\/\/linitiative.ca\/International\/wp-json\/wp\/v2\/posts\/140964\/revisions"}],"wp:attachment":[{"href":"https:\/\/linitiative.ca\/International\/wp-json\/wp\/v2\/media?parent=140964"}],"wp:term":[{"taxonomy":"category","embeddable":true,"href":"https:\/\/linitiative.ca\/International\/wp-json\/wp\/v2\/categories?post=140964"},{"taxonomy":"post_tag","embeddable":true,"href":"https:\/\/linitiative.ca\/International\/wp-json\/wp\/v2\/tags?post=140964"}],"curies":[{"name":"wp","href":"https:\/\/api.w.org\/{rel}","templated":true}]}}