{"id":140971,"date":"2022-02-16T10:00:14","date_gmt":"2022-02-16T15:00:14","guid":{"rendered":"https:\/\/linitiative.ca\/International\/quand-hamza-kehili-allie-artisanat-et-patrimoine-a-lart-contemporain\/"},"modified":"2022-02-16T10:00:14","modified_gmt":"2022-02-16T15:00:14","slug":"quand-hamza-kehili-allie-artisanat-et-patrimoine-a-lart-contemporain","status":"publish","type":"post","link":"https:\/\/linitiative.ca\/International\/quand-hamza-kehili-allie-artisanat-et-patrimoine-a-lart-contemporain\/","title":{"rendered":"Quand Hamza Kehili allie artisanat et patrimoine \u00e0 l\u2019art contemporain"},"content":{"rendered":"<div>\n<p><img loading=\"lazy\" decoding=\"async\" width=\"300\" height=\"153\" src=\"https:\/\/linitiative.ca\/International\/wp-content\/uploads\/sites\/23\/2022\/02\/Quand-Hamza-Kehili-allie-artisanat-et-patrimoine-a-lart-contemporain-300x153-1.jpg\" class=\"attachment-medium size-medium wp-post-image\" alt=\"\" srcset=\"https:\/\/linitiative.ca\/International\/wp-content\/uploads\/sites\/23\/2022\/02\/Quand-Hamza-Kehili-allie-artisanat-et-patrimoine-a-lart-contemporain-300x153-1.jpg 300w, https:\/\/aujourdhui.ma\/wp-content\/uploads\/2022\/02\/Quand-Hamza-Kehili-allie-artisanat-et-patrimoine-a-lart-contemporain-274x140.jpg 274w, https:\/\/aujourdhui.ma\/wp-content\/uploads\/2022\/02\/Quand-Hamza-Kehili-allie-artisanat-et-patrimoine-a-lart-contemporain-746x380.jpg 746w, https:\/\/aujourdhui.ma\/wp-content\/uploads\/2022\/02\/Quand-Hamza-Kehili-allie-artisanat-et-patrimoine-a-lart-contemporain-165x84.jpg 165w, https:\/\/aujourdhui.ma\/wp-content\/uploads\/2022\/02\/Quand-Hamza-Kehili-allie-artisanat-et-patrimoine-a-lart-contemporain-702x358.jpg 702w, https:\/\/aujourdhui.ma\/wp-content\/uploads\/2022\/02\/Quand-Hamza-Kehili-allie-artisanat-et-patrimoine-a-lart-contemporain.jpg 745w\" sizes=\"auto, (max-width: 300px) 100vw, 300px\"><\/p>\n<p><span style=\"color: #800000;\"><strong>Il pr\u00e9f\u00e8re cr\u00e9er des fresques murales<\/strong><\/span><\/p>\n<p><span id=\"more-399998\"><\/span><\/p>\n<p>Ses \u0153uvres ont la particularit\u00e9 d\u2019allier l\u2019artisanat au patrimoine ancien tout en apportant une touche moderne. Le jeune artiste-peintre marocain Hamza Kehili opte pour cette d\u00e9marche artistique en conception de ses \u00abfresques murales\u00bb notamment. A propos du choix de ces toiles g\u00e9antes, il r\u00e9v\u00e8le s\u2019\u00eatre \u00abrendu compte de travailler comme un c\u00e9l\u00e8bre artiste-peintre\u00bb. Il s\u2019agit de l\u2019Allemand Hendrik Beikirch, alias ECB, connu pour ses portraits grand format en noir et blanc, notamment celui d\u2019une agricultrice marrakchie qui garnit la fa\u00e7ade de la CDG \u00e0 Rabat. \u00abDe plus, il m\u2019inspire. C\u2019est pour cela que je suis parti \u00e0 sa rencontre\u00bb, encha\u00eene Hamza. Le tout en pr\u00e9cisant avoir sa propre mani\u00e8re. \u00abPour ma part, j\u2019introduis des couleurs au noir et blanc\u00bb, d\u00e9taille le jeune qui fait dans le style \u00abcontemporain\u00bb. \u00abJe travaille \u00e9galement sur du tissu. Comme je peux mettre deux anciennes personnalit\u00e9s dans une m\u00eame \u0153uvre en les habillant de hayek et djellaba\u00bb, poursuit-il en remontant le temps.<\/p>\n<p>Pour cet artiste, \u00e2g\u00e9 de 23 ans, l\u2019art \u00e9tait un talent. \u00abD\u00e8s l\u2019\u00e2ge de 15 ans, j\u2019ai essay\u00e9 d\u2019\u00e9voluer en faisant des recherches voire en fr\u00e9quentant de grands artistes qui m\u2019inspirent aussi. Pour moi, il faut \u00e9couter les personnes qui ont de l\u2019exp\u00e9rience\u00bb, raconte-t-il en rappelant avoir commenc\u00e9 par des portraits et des animes. Au fil du temps, il a fait une autre option. \u00abActuellement, la majorit\u00e9 de mes \u0153uvres est compos\u00e9e de visages au moment o\u00f9 d\u2019autres ont recours au sable et sel pour concevoir leurs \u0153uvres\u00bb, indique l\u2019artiste qui enseigne \u00e9galement l\u2019art \u00e0 des enfants \u00e0 Sal\u00e9. Pour l\u2019heure, il a pris part \u00e0 une exposition avec ses \u00e9l\u00e8ves avec la participation de l\u2019\u00e9minent artiste et calligraphe Mohamed Quarmad. Par l\u2019occasion, Hamza ne manque pas de se f\u00e9liciter de sa \u00abmeilleure\u00bb fresque. \u00abJe l\u2019ai d\u00e9di\u00e9e \u00e0 la Covid-19 et elle a \u00e9t\u00e9 appr\u00e9ci\u00e9e du public et des habitants de Hay Rahma \u00e0 Sal\u00e9 o\u00f9 j\u2019habite. Quand je l\u2019ai con\u00e7ue, le nombre de cas a diminu\u00e9 puisqu\u2019elle encourage au port du masque de protection\u00bb, d\u00e9taille-t-il en rappelant au recours \u00e0 son \u0153uvre pour illustrer les affiches de manifestations dans sa ville. Outre l\u2019art, il est aussi coach de taekwondo. \u00abIl est difficile de faire un \u00e9quilibre entre les deux\u00bb, s\u2019exprime-t-il en r\u00e9v\u00e9lant \u00eatre tiraill\u00e9 entre les deux sans trop penser \u00e0 l\u2019organisation d\u2019expositions. \u00abQuand m\u00eame j\u2019appr\u00e9cie plut\u00f4t l\u2019art\u00bb, temp\u00e8re-t-il.<\/p>\n<\/div>\n<p>Auteur: Salima Guisser<br \/>\n<a href=\"https:\/\/aujourdhui.ma\/culture\/quand-hamza-kehili-allie-artisanat-et-patrimoine-a-lart-contemporain\">Cliquez ici pour lire l&rsquo;article depuis sa source.<\/a><\/p>\n","protected":false},"excerpt":{"rendered":"<p>Il pr\u00e9f\u00e8re cr\u00e9er des fresques murales Ses \u0153uvres ont la particularit\u00e9 d\u2019allier l\u2019artisanat au patrimoine ancien tout en apportant une touche moderne. Le jeune artiste-peintre marocain Hamza Kehili opte pour cette d\u00e9marche artistique en conception de ses \u00abfresques murales\u00bb notamment. A propos du choix de ces toiles g\u00e9antes, il r\u00e9v\u00e8le s\u2019\u00eatre \u00abrendu compte de travailler [&hellip;]<\/p>\n","protected":false},"author":1759,"featured_media":0,"comment_status":"closed","ping_status":"closed","sticky":false,"template":"","format":"standard","meta":{"fifu_image_url":"https:\/\/aujourdhui.ma\/wp-content\/uploads\/2022\/02\/Quand-Hamza-Kehili-allie-artisanat-et-patrimoine-a-lart-contemporain-300x153.jpg","fifu_image_alt":"Quand Hamza Kehili allie artisanat et patrimoine \u00e0 l\u2019art contemporain","footnotes":""},"categories":[73,54],"tags":[],"class_list":["post-140971","post","type-post","status-publish","format-standard","hentry","category-actualite","category-maroc"],"_links":{"self":[{"href":"https:\/\/linitiative.ca\/International\/wp-json\/wp\/v2\/posts\/140971","targetHints":{"allow":["GET"]}}],"collection":[{"href":"https:\/\/linitiative.ca\/International\/wp-json\/wp\/v2\/posts"}],"about":[{"href":"https:\/\/linitiative.ca\/International\/wp-json\/wp\/v2\/types\/post"}],"author":[{"embeddable":true,"href":"https:\/\/linitiative.ca\/International\/wp-json\/wp\/v2\/users\/1759"}],"replies":[{"embeddable":true,"href":"https:\/\/linitiative.ca\/International\/wp-json\/wp\/v2\/comments?post=140971"}],"version-history":[{"count":0,"href":"https:\/\/linitiative.ca\/International\/wp-json\/wp\/v2\/posts\/140971\/revisions"}],"wp:attachment":[{"href":"https:\/\/linitiative.ca\/International\/wp-json\/wp\/v2\/media?parent=140971"}],"wp:term":[{"taxonomy":"category","embeddable":true,"href":"https:\/\/linitiative.ca\/International\/wp-json\/wp\/v2\/categories?post=140971"},{"taxonomy":"post_tag","embeddable":true,"href":"https:\/\/linitiative.ca\/International\/wp-json\/wp\/v2\/tags?post=140971"}],"curies":[{"name":"wp","href":"https:\/\/api.w.org\/{rel}","templated":true}]}}