{"id":140973,"date":"2022-02-16T10:47:24","date_gmt":"2022-02-16T15:47:24","guid":{"rendered":"https:\/\/linitiative.ca\/International\/covid-19-maroc-la-situation-epidemiologique-au-16-fevrier-2022-a-16h00\/"},"modified":"2022-02-16T10:47:24","modified_gmt":"2022-02-16T15:47:24","slug":"covid-19-maroc-la-situation-epidemiologique-au-16-fevrier-2022-a-16h00","status":"publish","type":"post","link":"https:\/\/linitiative.ca\/International\/covid-19-maroc-la-situation-epidemiologique-au-16-fevrier-2022-a-16h00\/","title":{"rendered":"Covid-19 \/ Maroc : La situation \u00e9pid\u00e9miologique au 16 f\u00e9vrier 2022 \u00e0 16H00"},"content":{"rendered":"<div>\n<p><img loading=\"lazy\" decoding=\"async\" width=\"300\" height=\"153\" src=\"https:\/\/linitiative.ca\/International\/wp-content\/uploads\/sites\/23\/2022\/02\/Coronavirus-covid-19-1-300x153-1.jpg\" class=\"attachment-medium size-medium wp-post-image\" alt=\"\" srcset=\"https:\/\/linitiative.ca\/International\/wp-content\/uploads\/sites\/23\/2022\/02\/Coronavirus-covid-19-1-300x153-1.jpg 300w, https:\/\/aujourdhui.ma\/wp-content\/uploads\/2020\/10\/Coronavirus-covid-19-1-274x140.jpg 274w, https:\/\/aujourdhui.ma\/wp-content\/uploads\/2020\/10\/Coronavirus-covid-19-1.jpg 746w, https:\/\/aujourdhui.ma\/wp-content\/uploads\/2020\/10\/Coronavirus-covid-19-1-165x84.jpg 165w, https:\/\/aujourdhui.ma\/wp-content\/uploads\/2020\/10\/Coronavirus-covid-19-1-702x358.jpg 702w\" sizes=\"auto, (max-width: 300px) 100vw, 300px\"><\/p>\n<p>645 nouveaux cas soit un cumul de 1 157 001 cas \u00e0 ce jour.<br \/>\n1 372 gu\u00e9risons soit un cumul de\u00a0<span id=\"page3R_mcid161\" class=\"markedContent\">1 129 947 <\/span><span id=\"page3R_mcid160\" class=\"markedContent\"><\/span><span id=\"page3R_mcid161\" class=\"markedContent\"> <\/span> \u00e0 ce jour.<br \/>\n13 nouveaux d\u00e9c\u00e8s donc un cumul de 15 833 \u00e0 ce jour.<\/p>\n<p><span style=\"color: #ff0000;\"><strong>Nombre de personnes vaccin\u00e9es au 16 f\u00e9vrier 16H00<\/strong><\/span><\/p>\n<p>1\u00e8re dose :\u00a0<strong><span dir=\"ltr\" role=\"presentation\">24<\/span> <span dir=\"ltr\" role=\"presentation\">717 211<\/span><\/strong><\/p>\n<p>2\u00e8me dose :\u00a0<strong><span dir=\"ltr\" role=\"presentation\">23<\/span> <span dir=\"ltr\" role=\"presentation\">156 326<\/span><\/strong><\/p>\n<p>3\u00e8me dose :\u00a0<strong><span dir=\"ltr\" role=\"presentation\">5<\/span> <span dir=\"ltr\" role=\"presentation\">310 677<\/span><\/strong><\/p>\n<p><img loading=\"lazy\" decoding=\"async\" class=\"aligncenter size-full wp-image-400059\" src=\"https:\/\/linitiative.ca\/International\/wp-content\/uploads\/sites\/23\/2022\/02\/coronavirus16022022_Page_1.jpg\" alt=\"\" width=\"794\" height=\"1123\" srcset=\"https:\/\/linitiative.ca\/International\/wp-content\/uploads\/sites\/23\/2022\/02\/coronavirus16022022_Page_1.jpg 794w, https:\/\/aujourdhui.ma\/wp-content\/uploads\/2022\/02\/coronavirus16022022_Page_1-212x300.jpg 212w, https:\/\/aujourdhui.ma\/wp-content\/uploads\/2022\/02\/coronavirus16022022_Page_1-724x1024.jpg 724w, https:\/\/aujourdhui.ma\/wp-content\/uploads\/2022\/02\/coronavirus16022022_Page_1-768x1086.jpg 768w\" sizes=\"auto, (max-width: 794px) 100vw, 794px\"> <img loading=\"lazy\" decoding=\"async\" class=\"aligncenter size-full wp-image-400061\" src=\"https:\/\/linitiative.ca\/International\/wp-content\/uploads\/sites\/23\/2022\/02\/coronavirus16022022_Page_2.jpg\" alt=\"\" width=\"794\" height=\"1123\" srcset=\"https:\/\/linitiative.ca\/International\/wp-content\/uploads\/sites\/23\/2022\/02\/coronavirus16022022_Page_2.jpg 794w, https:\/\/aujourdhui.ma\/wp-content\/uploads\/2022\/02\/coronavirus16022022_Page_2-212x300.jpg 212w, https:\/\/aujourdhui.ma\/wp-content\/uploads\/2022\/02\/coronavirus16022022_Page_2-724x1024.jpg 724w, https:\/\/aujourdhui.ma\/wp-content\/uploads\/2022\/02\/coronavirus16022022_Page_2-768x1086.jpg 768w\" sizes=\"auto, (max-width: 794px) 100vw, 794px\"> <img loading=\"lazy\" decoding=\"async\" class=\"aligncenter size-full wp-image-400062\" src=\"https:\/\/linitiative.ca\/International\/wp-content\/uploads\/sites\/23\/2022\/02\/coronavirus16022022_Page_3.jpg\" alt=\"\" width=\"794\" height=\"1123\" srcset=\"https:\/\/linitiative.ca\/International\/wp-content\/uploads\/sites\/23\/2022\/02\/coronavirus16022022_Page_3.jpg 794w, https:\/\/aujourdhui.ma\/wp-content\/uploads\/2022\/02\/coronavirus16022022_Page_3-212x300.jpg 212w, https:\/\/aujourdhui.ma\/wp-content\/uploads\/2022\/02\/coronavirus16022022_Page_3-724x1024.jpg 724w, https:\/\/aujourdhui.ma\/wp-content\/uploads\/2022\/02\/coronavirus16022022_Page_3-768x1086.jpg 768w\" sizes=\"auto, (max-width: 794px) 100vw, 794px\"> <img loading=\"lazy\" decoding=\"async\" class=\"aligncenter size-full wp-image-400063\" src=\"https:\/\/linitiative.ca\/International\/wp-content\/uploads\/sites\/23\/2022\/02\/coronavirus16022022_Page_4.jpg\" alt=\"\" width=\"794\" height=\"1123\" srcset=\"https:\/\/linitiative.ca\/International\/wp-content\/uploads\/sites\/23\/2022\/02\/coronavirus16022022_Page_4.jpg 794w, https:\/\/aujourdhui.ma\/wp-content\/uploads\/2022\/02\/coronavirus16022022_Page_4-212x300.jpg 212w, https:\/\/aujourdhui.ma\/wp-content\/uploads\/2022\/02\/coronavirus16022022_Page_4-724x1024.jpg 724w, https:\/\/aujourdhui.ma\/wp-content\/uploads\/2022\/02\/coronavirus16022022_Page_4-768x1086.jpg 768w\" sizes=\"auto, (max-width: 794px) 100vw, 794px\"><\/p>\n<\/div>\n<p>Auteur: ALM<br \/>\n<a href=\"https:\/\/aujourdhui.ma\/societe\/covid-19-maroc-la-situation-epidemiologique-au-16-fevrier-2022-a-16h00\">Cliquez ici pour lire l&rsquo;article depuis sa source.<\/a><\/p>\n","protected":false},"excerpt":{"rendered":"<p>645 nouveaux cas soit un cumul de 1 157 001 cas \u00e0 ce jour. 1 372 gu\u00e9risons soit un cumul de\u00a01 129 947 \u00e0 ce jour. 13 nouveaux d\u00e9c\u00e8s donc un cumul de 15 833 \u00e0 ce jour. Nombre de personnes vaccin\u00e9es au 16 f\u00e9vrier 16H00 1\u00e8re dose :\u00a024 717 211 2\u00e8me dose :\u00a023 156 [&hellip;]<\/p>\n","protected":false},"author":1759,"featured_media":0,"comment_status":"closed","ping_status":"closed","sticky":false,"template":"","format":"standard","meta":{"fifu_image_url":"https:\/\/aujourdhui.ma\/wp-content\/uploads\/2020\/10\/Coronavirus-covid-19-1-300x153.jpg","fifu_image_alt":"Covid-19 \/ Maroc : La situation \u00e9pid\u00e9miologique au 16 f\u00e9vrier 2022 \u00e0 16H00","footnotes":""},"categories":[73,54],"tags":[],"class_list":["post-140973","post","type-post","status-publish","format-standard","hentry","category-actualite","category-maroc"],"_links":{"self":[{"href":"https:\/\/linitiative.ca\/International\/wp-json\/wp\/v2\/posts\/140973","targetHints":{"allow":["GET"]}}],"collection":[{"href":"https:\/\/linitiative.ca\/International\/wp-json\/wp\/v2\/posts"}],"about":[{"href":"https:\/\/linitiative.ca\/International\/wp-json\/wp\/v2\/types\/post"}],"author":[{"embeddable":true,"href":"https:\/\/linitiative.ca\/International\/wp-json\/wp\/v2\/users\/1759"}],"replies":[{"embeddable":true,"href":"https:\/\/linitiative.ca\/International\/wp-json\/wp\/v2\/comments?post=140973"}],"version-history":[{"count":0,"href":"https:\/\/linitiative.ca\/International\/wp-json\/wp\/v2\/posts\/140973\/revisions"}],"wp:attachment":[{"href":"https:\/\/linitiative.ca\/International\/wp-json\/wp\/v2\/media?parent=140973"}],"wp:term":[{"taxonomy":"category","embeddable":true,"href":"https:\/\/linitiative.ca\/International\/wp-json\/wp\/v2\/categories?post=140973"},{"taxonomy":"post_tag","embeddable":true,"href":"https:\/\/linitiative.ca\/International\/wp-json\/wp\/v2\/tags?post=140973"}],"curies":[{"name":"wp","href":"https:\/\/api.w.org\/{rel}","templated":true}]}}